{"id":5128,"date":"2023-04-03T15:42:17","date_gmt":"2023-04-03T15:42:17","guid":{"rendered":"https:\/\/areabadalona.com\/diario\/?p=5128"},"modified":"2023-04-03T15:42:17","modified_gmt":"2023-04-03T15:42:17","slug":"la-feria-de-abril-de-catalunya-celebra-su-50-edicion-con-un-dia-mas-de-fiesta-una-exposicion-y-un-libro","status":"publish","type":"post","link":"https:\/\/areabadalona.com\/diario\/2023\/04\/03\/la-feria-de-abril-de-catalunya-celebra-su-50-edicion-con-un-dia-mas-de-fiesta-una-exposicion-y-un-libro\/","title":{"rendered":"La Feria de Abril de Catalunya celebra su 50 edici\u00f3n con un d\u00eda m\u00e1s de fiesta, una exposici\u00f3n y un libro"},"content":{"rendered":"\n<p>Esta ma\u00f1ana se ha presentado en el Museo Picasso de Barcelona la edici\u00f3n n\u00famero 50 de la Feria de Abril de Catalunya, que se celebrar\u00e1 en el Par del F\u00f3rum, entre Sant Adri\u00e0 de Bes\u00f2s y Barcelona, del 21 de abril al 1 de mayo. En total ser\u00e1n once d\u00edas de fiesta, uno m\u00e1s de lo habitual, ya que en esta ocasi\u00f3n la Feria no acabar\u00e1 el domingo, sino que se alargar\u00e1 hasta el lunes, 1 de mayo, para aprovechar el festivo.<\/p>\n\n\n\n<p>En esta edici\u00f3n tan especial, la Federaci\u00f3n de Entidades Culturales Andaluzas en Catalunya (FECAC), la organizadora, ha llevado a cabo diversas acciones conmemorativas. La primera, un logo del 50 aniversario, creado por Christian Fern\u00e1ndez, del estudio Mediaclip, que evoca lo infinita que es la Feria, y un video con im\u00e1genes del montaje del Real que se puede ver ya en las redes de la FECAC y que calienta motores ya para un a\u00f1o tan especial.<\/p>\n\n\n\n<p>En el mismo Real se inaugurar\u00e1 una exposici\u00f3n fotogr\u00e1fica sobre las 50 ediciones de la Feria, con im\u00e1genes y carteles de las primeras ediciones, que ir\u00e1 acompa\u00f1ada de un audiovisual y la recreaci\u00f3n de una caseta de Feria a modo de photocall para que todo el mundo pueda llevarse un recuerdo imborrable de esta edici\u00f3n. Adem\u00e1s, se ha editado el libro \u201cEl nostre pa\u00eds est\u00e0 de Feria\u201d, escrito por Jes\u00fas Conte, sobre la historia de la Feria y que ser\u00e1 presentado en breve.<\/p>\n\n\n\n<p>El acto de presentaci\u00f3n de la Feria de Abril de Catalunya ha servido tambi\u00e9n para dar a conocer el cartel de esta edici\u00f3n, obra de nuevo del estudio New Roman, que seg\u00fan palabras de la CEO de la empresa gr\u00e1fica quiere representar \u201cel valor del aniversario, celebrar la importancia de este evento tan magn\u00edfico. Por eso la idea de una rosa por cada a\u00f1o, una rosa por cada entidad, y como todos juntos, unidos bajo la llamada de la Feria conformamos un mar de rosas y una sola dorada que conmemora las 50 ediciones\u201d.<\/p>\n\n\n\n<div><a href=\"https:\/\/areabadalona.com\/diario\/wp-content\/uploads\/2023\/04\/cartelFeria2023-724x1024.jpg\" class=\"td-modal-image\"><figure class=\"wp-block-image size-large\"><img loading=\"lazy\" decoding=\"async\" width=\"724\" height=\"1024\" src=\"https:\/\/areabadalona.com\/diario\/wp-content\/uploads\/2023\/04\/cartelFeria2023-724x1024.jpg\" alt=\"\" class=\"wp-image-5129\" srcset=\"https:\/\/areabadalona.com\/diario\/wp-content\/uploads\/2023\/04\/cartelFeria2023-724x1024.jpg 724w, https:\/\/areabadalona.com\/diario\/wp-content\/uploads\/2023\/04\/cartelFeria2023-212x300.jpg 212w, https:\/\/areabadalona.com\/diario\/wp-content\/uploads\/2023\/04\/cartelFeria2023-768x1086.jpg 768w, https:\/\/areabadalona.com\/diario\/wp-content\/uploads\/2023\/04\/cartelFeria2023-150x212.jpg 150w, https:\/\/areabadalona.com\/diario\/wp-content\/uploads\/2023\/04\/cartelFeria2023-300x424.jpg 300w, https:\/\/areabadalona.com\/diario\/wp-content\/uploads\/2023\/04\/cartelFeria2023-696x984.jpg 696w, https:\/\/areabadalona.com\/diario\/wp-content\/uploads\/2023\/04\/cartelFeria2023.jpg 849w\" sizes=\"auto, (max-width: 724px) 100vw, 724px\" \/><\/figure><\/a><\/div>\n\n\n\n<p>En la presentaci\u00f3n del cartel han estado presentes Daniel Salinero, presidente de la FECAC, Carles Prieto, reci\u00e9n nombrado Delegado del Gobierno espa\u00f1ol en Catalu\u00f1a, Joan Francesc Marco, director general del Instituto Nacional de las Artes Esc\u00e9nicas y la M\u00fasica (INAEM), Joan Ramon Riera, concejal del Ayuntamiento de Barcelona, Esperanza Garc\u00eda, delegada de la Junta de Andaluc\u00eda en Catalu\u00f1a, y Adelaida Moya, responsable de la Direcci\u00f3 General de Cultura Popular i Associacionisme Cultural.<\/p>\n\n\n\n<p>Daniel Salinero ha afirmado que \u201chace un mes est\u00e1bamos en la Sagrada Familia para celebrar la misa por el 50 aniversario de la Romer\u00eda del Roc\u00edo y ahora estamos aqu\u00ed, en otro templo de la cultura catalana\u201d, destacando as\u00ed el buen momento del movimiento cultural andaluz en tierras catalanas. \u201cLa Feria de Abril de Catalunya es simplemente la mejor del mundo, porque somos capaces de superar el mill\u00f3n de visitantes siendo una feria que no la organiza una administraci\u00f3n, sino las entidades\u201d, ha asegurado.<\/p>\n\n\n\n<p>Para la nueva delegada de la Junta de Andaluc\u00eda en Catalunya \u201ces todo un orgullo estar hoy aqu\u00ed, porque se ha hablado de nostalgia, pero hay algo m\u00e1s que nostalgia, hay ilusi\u00f3n, mucho trabajo y sacrificio durante 50 a\u00f1os para poder llegar a este momento\u201d.<\/p>\n\n\n\n<p>El reci\u00e9n nombrado delegado de Gobierno espa\u00f1ol en Catalu\u00f1a, Carles Prieto, ha manifestado \u201cque han cambiado muchas cosas en estos 50 a\u00f1os, pero lo que no ha cambiado es vuestro compromiso y vuestro trabajo\u201d, adem\u00e1s de afirmar que \u201cno se puede entender la cultura catalana sin la Feria de Abril\u201d.<\/p>\n\n\n\n<p>Destacar tambi\u00e9n que el concejal del Ayuntamiento de Barcelona Joan Ramon Riera ha asegurado que trabajar\u00e1n para que la FECAC reciba la Medalla de Oro de la ciudad de Barcelona.<\/p>\n\n\n\n<div><a href=\"https:\/\/areabadalona.com\/diario\/wp-content\/uploads\/2023\/04\/presentacionFeria202302-1024x746.jpg\" class=\"td-modal-image\"><figure class=\"wp-block-image size-large is-resized\"><img loading=\"lazy\" decoding=\"async\" src=\"https:\/\/areabadalona.com\/diario\/wp-content\/uploads\/2023\/04\/presentacionFeria202302-1024x746.jpg\" alt=\"\" class=\"wp-image-5130\" width=\"696\" height=\"507\" srcset=\"https:\/\/areabadalona.com\/diario\/wp-content\/uploads\/2023\/04\/presentacionFeria202302-1024x746.jpg 1024w, https:\/\/areabadalona.com\/diario\/wp-content\/uploads\/2023\/04\/presentacionFeria202302-300x219.jpg 300w, https:\/\/areabadalona.com\/diario\/wp-content\/uploads\/2023\/04\/presentacionFeria202302-768x559.jpg 768w, https:\/\/areabadalona.com\/diario\/wp-content\/uploads\/2023\/04\/presentacionFeria202302-150x109.jpg 150w, https:\/\/areabadalona.com\/diario\/wp-content\/uploads\/2023\/04\/presentacionFeria202302-696x507.jpg 696w, https:\/\/areabadalona.com\/diario\/wp-content\/uploads\/2023\/04\/presentacionFeria202302-1068x778.jpg 1068w, https:\/\/areabadalona.com\/diario\/wp-content\/uploads\/2023\/04\/presentacionFeria202302.jpg 1200w\" sizes=\"auto, (max-width: 696px) 100vw, 696px\" \/><\/figure><\/a><\/div>\n\n\n\n<p><\/p>\n\n\n\n<p>En esta edici\u00f3n n\u00famero 50 de la Feria de Abril de Catalunya aumentar\u00e1 el n\u00famero de entidades presentes en el Real, as\u00ed como habr\u00e1 casetas de escuelas de baile, salas rocieras, partidos pol\u00edticos, la tradicional haima, y los puntos Lila y de informaci\u00f3n LGTBI. Tambi\u00e9n volver\u00e1 a repetirse la iniciativa en colaboraci\u00f3n con la Associaci\u00f3 S\u00edndrome d\u2019Asperger de Catalunya y la Federaci\u00f3 Espectre Autista-Asperger de Catalunya por la que durante algunas horas se apagar\u00e1n las sirenas y la m\u00fasica de las atracciones.<\/p>\n\n\n\n<p>Como sucediera el a\u00f1o pasado, Radio Teletaxi ser\u00e1 la emisora oficial y realizar\u00e1 conexiones y programas en directo desde el Real de la Feria.<\/p>\n\n\n\n<p>Los horarios de la Feria son de 18 a 0 horas los d\u00edas entre semana, de 18 a 03.30 los viernes, y de 10 a 3.30 los fines de semana. El 1 de mayo, \u00faltimo d\u00eda de celebraci\u00f3n, la Feria abrir\u00e1 sus puertas de 10 a 0 horas. &nbsp;&nbsp;&nbsp;&nbsp;&nbsp;&nbsp;&nbsp;&nbsp;&nbsp;&nbsp;<\/p>\n","protected":false},"excerpt":{"rendered":"<p>Esta ma\u00f1ana se ha presentado en el Museo Picasso de Barcelona la edici\u00f3n n\u00famero 50 de la Feria de Abril de Catalunya, que se celebrar\u00e1 en el Par del F\u00f3rum, entre Sant Adri\u00e0 de Bes\u00f2s y Barcelona, del 21 de abril al 1 de mayo. En total ser\u00e1n once d\u00edas de fiesta, uno m\u00e1s de [&hellip;]<\/p>\n","protected":false},"author":1,"featured_media":5131,"comment_status":"open","ping_status":"open","sticky":false,"template":"","format":"standard","meta":{"footnotes":""},"categories":[23,25],"tags":[],"class_list":{"0":"post-5128","1":"post","2":"type-post","3":"status-publish","4":"format-standard","5":"has-post-thumbnail","7":"category-actualitat","8":"category-cultura"},"_links":{"self":[{"href":"https:\/\/areabadalona.com\/diario\/wp-json\/wp\/v2\/posts\/5128","targetHints":{"allow":["GET"]}}],"collection":[{"href":"https:\/\/areabadalona.com\/diario\/wp-json\/wp\/v2\/posts"}],"about":[{"href":"https:\/\/areabadalona.com\/diario\/wp-json\/wp\/v2\/types\/post"}],"author":[{"embeddable":true,"href":"https:\/\/areabadalona.com\/diario\/wp-json\/wp\/v2\/users\/1"}],"replies":[{"embeddable":true,"href":"https:\/\/areabadalona.com\/diario\/wp-json\/wp\/v2\/comments?post=5128"}],"version-history":[{"count":1,"href":"https:\/\/areabadalona.com\/diario\/wp-json\/wp\/v2\/posts\/5128\/revisions"}],"predecessor-version":[{"id":5132,"href":"https:\/\/areabadalona.com\/diario\/wp-json\/wp\/v2\/posts\/5128\/revisions\/5132"}],"wp:featuredmedia":[{"embeddable":true,"href":"https:\/\/areabadalona.com\/diario\/wp-json\/wp\/v2\/media\/5131"}],"wp:attachment":[{"href":"https:\/\/areabadalona.com\/diario\/wp-json\/wp\/v2\/media?parent=5128"}],"wp:term":[{"taxonomy":"category","embeddable":true,"href":"https:\/\/areabadalona.com\/diario\/wp-json\/wp\/v2\/categories?post=5128"},{"taxonomy":"post_tag","embeddable":true,"href":"https:\/\/areabadalona.com\/diario\/wp-json\/wp\/v2\/tags?post=5128"}],"curies":[{"name":"wp","href":"https:\/\/api.w.org\/{rel}","templated":true}]}}