{"id":5125,"date":"2023-03-31T15:28:19","date_gmt":"2023-03-31T15:28:19","guid":{"rendered":"https:\/\/areabadalona.com\/diario\/?p=5125"},"modified":"2023-03-31T15:28:20","modified_gmt":"2023-03-31T15:28:20","slug":"jornada-de-cloenda-del-cicle-de-debats-sobre-transport-public-i-seguretat","status":"publish","type":"post","link":"https:\/\/areabadalona.com\/diario\/2023\/03\/31\/jornada-de-cloenda-del-cicle-de-debats-sobre-transport-public-i-seguretat\/","title":{"rendered":"Jornada de cloenda del cicle de debats sobre transport p\u00fablic i seguretat"},"content":{"rendered":"\n<p>L\u2019alcalde de Badalona, Rub\u00e9n Guijarro i el secretari general de la UGT de Catalunya, Camil Ros han inaugurat la matinal de debat destacant el valor p\u00fablic del servei de transport de passatgers i la necessitat de continuar la seva modernitzaci\u00f3 atenent al nous requeriments dels usuaris i usu\u00e0ries. I han coincidit que per fer-ho \u00e9s determinant protegir la qualitat del servei a trav\u00e9s de la incorporaci\u00f3 de cl\u00e0usules socials en els plecs de condicions dels concursos d\u2019adjudicaci\u00f3.<\/p>\n\n\n\n<p>Marta Murri\u00e0, directora de l\u2019\u00c0rea de Conviv\u00e8ncia i Seguretat Urbana de l\u2019Institut d\u2019Estudis Regionals i Metropolitans vinculat a la Universitat Aut\u00f2noma de Barcelona, ha obert l\u2019espai de reflexi\u00f3 amb una confer\u00e8ncia en la que ha explicat com \u00e9s de clau el transport urb\u00e0, no nom\u00e9s des de la seva funcionalitat b\u00e0sica, sin\u00f3 com un espai d\u2019integraci\u00f3 i interacci\u00f3 entre grups socials diferents i que han de ser observats com una oportunitat per a la integraci\u00f3 i la socialitzaci\u00f3 de la diversitat que \u00e9s concentra de manera molt espec\u00edfica en els espais urbans. Amb tot, ha reconegut la necessitat d\u2019incorporar aquesta perspectiva en els treballs d\u2019investigaci\u00f3 social i tamb\u00e9 a la visi\u00f3 que tenen les administracions p\u00fabliques en relaci\u00f3 al transport de passatgers.<\/p>\n\n\n\n<p>La jornada ha continuat amb una taula de debat que ha comptat amb la participaci\u00f3 d\u2019Ana Sol\u00e0, directora de la consultora sobre transport, CINESI; Georgina Montesinos, vicepresidenta de l\u2019Associaci\u00f3 per a la Promoci\u00f3 del Transport P\u00fablic, l\u2019Intendent de la Gu\u00e0rdia Urbana de Badalona, Valent\u00edn Anad\u00f3n i el sotsinspector de la Unitat de Seguretat Ciutadana del Cos de Mossos d\u2019Esquadra, Llu\u00eds Soler. El debat va tenir un especial centre d\u2019inter\u00e8s en relaci\u00f3 al respecte i els valors del civisme i tot i que existeix una percepci\u00f3 generalitzada sobre el q\u00fcestionament de normes de conducta c\u00edvica, tamb\u00e9 van coincidir els participants en la necessitat d\u2019evitar l\u2019estigmatitzaci\u00f3 de la gent jove.<\/p>\n\n\n\n<p>Com sempre, la periodista i conductora de la jornada, Sara Mu\u00f1oz, va dedicar la part final dels debats a mantenir una conversa al voltant de les percepcions en relaci\u00f3 a la seguretat i la conviv\u00e8ncia amb Gl\u00f2ria Bou, representant de l\u2019Associaci\u00f3 Deixem de ser Invisibles de Badalona i amb el vicepresident de la Federaci\u00f3 d\u2019Associacions de Ve\u00efns de Badalona, Enrique Lara. Ambd\u00f3s van accentuar la necessitat que el transport p\u00fablic avanci en qualitat, en adaptaci\u00f3 a la diversitat de capacitats i en la promoci\u00f3 d\u2019actituds respectuoses, a la vegada que van recon\u00e8ixer l\u2019important aven\u00e7 que en aquest sentit ha fet el servei de transport p\u00fablic i van recordar els anys en que els ve\u00efns havien de \u201csegrestar\u201d autobusos per tenir un millor servei.<\/p>\n\n\n\n<p>La Secretaria General de Transporte y Movilidad del Ministerio de Transporte P\u00fablico, Movilidad y Agenda Urbana, Mar\u00eda Jos\u00e9 Rallo,&nbsp; juntament amb el Director General de DIREXIS TUSGSAL, Carles F\u00e0bregas, van clausurar la jornada. La responsable del ministeri va expressar el seu comprom\u00eds amb la millora del transport urb\u00e0 a Catalunya amb inversions hist\u00f2riques.<\/p>\n","protected":false},"excerpt":{"rendered":"<p>L\u2019alcalde de Badalona, Rub\u00e9n Guijarro i el secretari general de la UGT de Catalunya, Camil Ros han inaugurat la matinal de debat destacant el valor p\u00fablic del servei de transport de passatgers i la necessitat de continuar la seva modernitzaci\u00f3 atenent al nous requeriments dels usuaris i usu\u00e0ries. I han coincidit que per fer-ho \u00e9s [&hellip;]<\/p>\n","protected":false},"author":2,"featured_media":5126,"comment_status":"open","ping_status":"open","sticky":false,"template":"","format":"standard","meta":{"footnotes":""},"categories":[23],"tags":[],"class_list":{"0":"post-5125","1":"post","2":"type-post","3":"status-publish","4":"format-standard","5":"has-post-thumbnail","7":"category-actualitat"},"_links":{"self":[{"href":"https:\/\/areabadalona.com\/diario\/wp-json\/wp\/v2\/posts\/5125","targetHints":{"allow":["GET"]}}],"collection":[{"href":"https:\/\/areabadalona.com\/diario\/wp-json\/wp\/v2\/posts"}],"about":[{"href":"https:\/\/areabadalona.com\/diario\/wp-json\/wp\/v2\/types\/post"}],"author":[{"embeddable":true,"href":"https:\/\/areabadalona.com\/diario\/wp-json\/wp\/v2\/users\/2"}],"replies":[{"embeddable":true,"href":"https:\/\/areabadalona.com\/diario\/wp-json\/wp\/v2\/comments?post=5125"}],"version-history":[{"count":1,"href":"https:\/\/areabadalona.com\/diario\/wp-json\/wp\/v2\/posts\/5125\/revisions"}],"predecessor-version":[{"id":5127,"href":"https:\/\/areabadalona.com\/diario\/wp-json\/wp\/v2\/posts\/5125\/revisions\/5127"}],"wp:featuredmedia":[{"embeddable":true,"href":"https:\/\/areabadalona.com\/diario\/wp-json\/wp\/v2\/media\/5126"}],"wp:attachment":[{"href":"https:\/\/areabadalona.com\/diario\/wp-json\/wp\/v2\/media?parent=5125"}],"wp:term":[{"taxonomy":"category","embeddable":true,"href":"https:\/\/areabadalona.com\/diario\/wp-json\/wp\/v2\/categories?post=5125"},{"taxonomy":"post_tag","embeddable":true,"href":"https:\/\/areabadalona.com\/diario\/wp-json\/wp\/v2\/tags?post=5125"}],"curies":[{"name":"wp","href":"https:\/\/api.w.org\/{rel}","templated":true}]}}