{"id":5122,"date":"2023-03-31T15:24:27","date_gmt":"2023-03-31T15:24:27","guid":{"rendered":"https:\/\/areabadalona.com\/diario\/?p=5122"},"modified":"2023-03-31T15:24:27","modified_gmt":"2023-03-31T15:24:27","slug":"marina-badalona-adjudica-les-obres-per-finalitzar-el-canal-del-gorg","status":"publish","type":"post","link":"https:\/\/areabadalona.com\/diario\/2023\/03\/31\/marina-badalona-adjudica-les-obres-per-finalitzar-el-canal-del-gorg\/","title":{"rendered":"Marina Badalona adjudica les obres per finalitzar el Canal del Gorg\u00a0"},"content":{"rendered":"\n<p>El Consell d\u2019Administraci\u00f3 de Marina de Badalona, reunit avui en sessi\u00f3 ordin\u00e0ria, ha adjudicat a la Uni\u00f3 Temporal d\u2019Empreses (UTE) Comsa-Dragados Badalona les obres d\u2019execuci\u00f3 del projecte de construcci\u00f3 del viaducte de la l\u00ednia ferrovi\u00e0ria Barcelona-Matar\u00f3- Ma\u00e7anet-Massanes sobre el futur canal del Port de Badalona. Aquesta adjudicaci\u00f3 permetr\u00e0 finalitzar el Canal del Gorg.&nbsp;<\/p>\n\n\n\n<p>Les obres, que comen\u00e7aran a inicis d\u2019estiu, consisteixen en la construcci\u00f3 d\u2019un viaducte de 180 metres de longitud que permetr\u00e0 la continu\u00eftat de la l\u00ednia del ferrocarril, salvant el nou Canal Badalona, aix\u00ed com la millora de la connexi\u00f3 del Port i el front mar\u00edtim amb la resta de la ciutat. La construcci\u00f3 d\u2019aquest viaducte i de la rotonda de comunicaci\u00f3 del carrer de Ponent amb Eduard Maristany seran claus per poder finalitzar la totalitat dels 350 metres del canal d\u2019aigua que s\u2019endinsa en la trama urbana.&nbsp;<\/p>\n\n\n\n<p>L\u2019alcalde de Badalona i president de Marina Badalona SA, Rub\u00e9n Guijarro, ha assenyalat que: \u00abavui \u00e9s un dia hist\u00f2ric per Badalona, aquest viaducte ens permetr\u00e0 obrir el Port a la ciutat i connectar els barris de La Mora i el Gorg amb un nou espai on la ciutadania podr\u00e0 gaudir d\u2019un passeig obert al mar\u201d.&nbsp;<\/p>\n\n\n\n<p><strong>Canal Badalona: un nou espai amb un canal navegable de 350 metres&nbsp;<\/strong><\/p>\n\n\n\n<p>Aquest canal, que viur\u00e0 dem\u00e0 dissabte 1 d\u2019abril una jornada oberta al p\u00fablic, permetr\u00e0 sumar al Port 200 nous amarradors, 5.000 m2 de locals i un nou espai portuari de 2,7 hect\u00e0rees amb un canal navegable de 32 metres d\u2019amplada i 350 metres de longitud. La proposta d\u2019aquest nou eix, el Canal Badalona, \u00e9s esdevenir un bulevard urb\u00e0 i una nova centralitat de la ciutat. &nbsp;<\/p>\n\n\n\n<p>Aquesta nova actuaci\u00f3 es fa un pas m\u00e9s en la transformaci\u00f3 i la regeneraci\u00f3 ambiental de la ciutat, que es va iniciar fa m\u00e9s de vint anys amb els primers treballs al front litoral per dotar-lo d\u2019usos c\u00edvics. D\u2019aquesta manera s\u2019ha anat substituint la vella ind\u00fastria pesant i contaminant, que estava en primera l\u00ednia de mar, per un litoral on noves activitats residencials, l\u00fadiques i econ\u00f2miques conformen una nova realitat.&nbsp;<\/p>\n\n\n\n<p><strong>Millora en la connexi\u00f3 del Port amb els barris de La Mora i el Gorg&nbsp;<\/strong><\/p>\n\n\n\n<p>A m\u00e9s de facilitar un nou acc\u00e9s a la fa\u00e7ana litoral a trav\u00e9s dels 180 metres del viaducte, les millores introdu\u00efdes en el projecte inclouen un pas inferior per a vianants i vehicles d\u2019emerg\u00e8ncia i serveis pel carrer de Tortosa, millorant la connexi\u00f3 entre el barri de La Mora, el Gorg i el Pol\u00edgon Sud. &nbsp;<\/p>\n\n\n\n<p>Totes aquestes millores de connectivitat tamb\u00e9 facilitaran l\u2019objectiu del Port de Badalona d\u2019esdevenir un motor econ\u00f2mic, social i d\u2019oci n\u00e0utic, per situar-se com un referent de l\u2019economia blava i de la ind\u00fastria del coneixement, en l\u2019eix del futur Hub de les Tres Xemeneies i de la Fundaci\u00f3 CIM de la UPC, que s\u2019instal\u00b7lar\u00e0 a l\u2019edifici de la CACI.&nbsp;<\/p>\n\n\n\n<p>En el mateix grup de licitacions tamb\u00e9 figura el Servei d\u2019Assist\u00e8ncia T\u00e8cnica a la direcci\u00f3 d\u2019obres de l\u2019ADI, per al seguiment de les obres d\u2019execuci\u00f3 del projecte, que portar\u00e0 a terme Meta Engineering per un import de 503.000 euros.&nbsp;<\/p>\n","protected":false},"excerpt":{"rendered":"<p>El Consell d\u2019Administraci\u00f3 de Marina de Badalona, reunit avui en sessi\u00f3 ordin\u00e0ria, ha adjudicat a la Uni\u00f3 Temporal d\u2019Empreses (UTE) Comsa-Dragados Badalona les obres d\u2019execuci\u00f3 del projecte de construcci\u00f3 del viaducte de la l\u00ednia ferrovi\u00e0ria Barcelona-Matar\u00f3- Ma\u00e7anet-Massanes sobre el futur canal del Port de Badalona. Aquesta adjudicaci\u00f3 permetr\u00e0 finalitzar el Canal del Gorg.&nbsp; Les obres, [&hellip;]<\/p>\n","protected":false},"author":2,"featured_media":5123,"comment_status":"open","ping_status":"open","sticky":false,"template":"","format":"standard","meta":{"footnotes":""},"categories":[23],"tags":[],"class_list":{"0":"post-5122","1":"post","2":"type-post","3":"status-publish","4":"format-standard","5":"has-post-thumbnail","7":"category-actualitat"},"_links":{"self":[{"href":"https:\/\/areabadalona.com\/diario\/wp-json\/wp\/v2\/posts\/5122","targetHints":{"allow":["GET"]}}],"collection":[{"href":"https:\/\/areabadalona.com\/diario\/wp-json\/wp\/v2\/posts"}],"about":[{"href":"https:\/\/areabadalona.com\/diario\/wp-json\/wp\/v2\/types\/post"}],"author":[{"embeddable":true,"href":"https:\/\/areabadalona.com\/diario\/wp-json\/wp\/v2\/users\/2"}],"replies":[{"embeddable":true,"href":"https:\/\/areabadalona.com\/diario\/wp-json\/wp\/v2\/comments?post=5122"}],"version-history":[{"count":1,"href":"https:\/\/areabadalona.com\/diario\/wp-json\/wp\/v2\/posts\/5122\/revisions"}],"predecessor-version":[{"id":5124,"href":"https:\/\/areabadalona.com\/diario\/wp-json\/wp\/v2\/posts\/5122\/revisions\/5124"}],"wp:featuredmedia":[{"embeddable":true,"href":"https:\/\/areabadalona.com\/diario\/wp-json\/wp\/v2\/media\/5123"}],"wp:attachment":[{"href":"https:\/\/areabadalona.com\/diario\/wp-json\/wp\/v2\/media?parent=5122"}],"wp:term":[{"taxonomy":"category","embeddable":true,"href":"https:\/\/areabadalona.com\/diario\/wp-json\/wp\/v2\/categories?post=5122"},{"taxonomy":"post_tag","embeddable":true,"href":"https:\/\/areabadalona.com\/diario\/wp-json\/wp\/v2\/tags?post=5122"}],"curies":[{"name":"wp","href":"https:\/\/api.w.org\/{rel}","templated":true}]}}