{"id":5119,"date":"2023-03-31T15:22:54","date_gmt":"2023-03-31T15:22:54","guid":{"rendered":"https:\/\/areabadalona.com\/diario\/?p=5119"},"modified":"2023-03-31T15:22:54","modified_gmt":"2023-03-31T15:22:54","slug":"lajuntament-de-badalona-homenatja-a-les-persones-donants-de-sang-del-municipi-amb-un-monument-al-jardi-de-ca-lamigo","status":"publish","type":"post","link":"https:\/\/areabadalona.com\/diario\/2023\/03\/31\/lajuntament-de-badalona-homenatja-a-les-persones-donants-de-sang-del-municipi-amb-un-monument-al-jardi-de-ca-lamigo\/","title":{"rendered":"L\u2019Ajuntament de Badalona homenatja a les persones donants de sang del municipi amb un monument al Jard\u00ed de Ca l\u2019Amig\u00f3\u00a0"},"content":{"rendered":"\n<p>L\u2019Ajuntament de Badalona retr\u00e0 homenatge a les persones donants de sang del municipi amb una escultura que s\u2019instal\u00b7lar\u00e0 el proper mes de juliol al Jard\u00ed de Ca l\u2019Amig\u00f3 de l\u2019Hospital Municipal de Badalona. &nbsp;<\/p>\n\n\n\n<p>El projecte escult\u00f2ric anir\u00e0 acompanyat d\u2019una placa commemorativa en reconeixement a l\u2019esfor\u00e7 de les persones volunt\u00e0ries que en algun moment de la seva vida han volgut donar sang.&nbsp;<\/p>\n\n\n\n<p>L\u2019obra <em>Donants de Sang<\/em>, de l\u2019escultor Joan Artigas Planas, tallada en bronze i de dos metres d\u2019al\u00e7ada, representa dues persones vistes de forma vertical, amb el bra\u00e7 est\u00e8s amb una gota de sang entre elles i vol representar a totes les persones que en alguna ocasi\u00f3 han col\u00b7laborat amb la donaci\u00f3 de sang de forma lliure i desinteressada.&nbsp;<\/p>\n\n\n\n<p>A l\u2019acte de presentaci\u00f3 del projecte hi han assistit la quarta tinenta d\u2019alcaldia i regidora de l\u2019\u00c0mbit de Territori, Habitatge, Esports i Salut, Teresa Gonz\u00e1lez; del president de la Federaci\u00f3 Catalana de Donants de Sang, Marc Ibars; del president de l\u2019Associaci\u00f3 de Donants de Sang del Barcelon\u00e8s Nord, Manuel Nogales; del cap del Servei de Salut de l\u2019Ajuntament de Badalona, Xavier Crego, i un dels membres de l\u2019Associaci\u00f3 de Donants de Sant del Barcelon\u00e8s Nord, Sergio Silvano S\u00e1nchez.&nbsp;<\/p>\n\n\n\n<p>La quarta tinenta d\u2019alcaldia i regidora de l\u2019\u00c0mbit de Territori, Habitatge, Esports i Salut, Teresa Gonz\u00e1lez, ha volgut destacar la import\u00e0ncia i l\u2019altruisme de les persones donants i ha agra\u00eft \u201cel gest d\u2019aquestes persones que fan aquestes donacions vital per garantir la vida d\u2019altres individus\u201d.&nbsp;<\/p>\n","protected":false},"excerpt":{"rendered":"<p>L\u2019Ajuntament de Badalona retr\u00e0 homenatge a les persones donants de sang del municipi amb una escultura que s\u2019instal\u00b7lar\u00e0 el proper mes de juliol al Jard\u00ed de Ca l\u2019Amig\u00f3 de l\u2019Hospital Municipal de Badalona. &nbsp; El projecte escult\u00f2ric anir\u00e0 acompanyat d\u2019una placa commemorativa en reconeixement a l\u2019esfor\u00e7 de les persones volunt\u00e0ries que en algun moment de [&hellip;]<\/p>\n","protected":false},"author":2,"featured_media":5120,"comment_status":"open","ping_status":"open","sticky":false,"template":"","format":"standard","meta":{"footnotes":""},"categories":[23],"tags":[],"class_list":{"0":"post-5119","1":"post","2":"type-post","3":"status-publish","4":"format-standard","5":"has-post-thumbnail","7":"category-actualitat"},"_links":{"self":[{"href":"https:\/\/areabadalona.com\/diario\/wp-json\/wp\/v2\/posts\/5119","targetHints":{"allow":["GET"]}}],"collection":[{"href":"https:\/\/areabadalona.com\/diario\/wp-json\/wp\/v2\/posts"}],"about":[{"href":"https:\/\/areabadalona.com\/diario\/wp-json\/wp\/v2\/types\/post"}],"author":[{"embeddable":true,"href":"https:\/\/areabadalona.com\/diario\/wp-json\/wp\/v2\/users\/2"}],"replies":[{"embeddable":true,"href":"https:\/\/areabadalona.com\/diario\/wp-json\/wp\/v2\/comments?post=5119"}],"version-history":[{"count":1,"href":"https:\/\/areabadalona.com\/diario\/wp-json\/wp\/v2\/posts\/5119\/revisions"}],"predecessor-version":[{"id":5121,"href":"https:\/\/areabadalona.com\/diario\/wp-json\/wp\/v2\/posts\/5119\/revisions\/5121"}],"wp:featuredmedia":[{"embeddable":true,"href":"https:\/\/areabadalona.com\/diario\/wp-json\/wp\/v2\/media\/5120"}],"wp:attachment":[{"href":"https:\/\/areabadalona.com\/diario\/wp-json\/wp\/v2\/media?parent=5119"}],"wp:term":[{"taxonomy":"category","embeddable":true,"href":"https:\/\/areabadalona.com\/diario\/wp-json\/wp\/v2\/categories?post=5119"},{"taxonomy":"post_tag","embeddable":true,"href":"https:\/\/areabadalona.com\/diario\/wp-json\/wp\/v2\/tags?post=5119"}],"curies":[{"name":"wp","href":"https:\/\/api.w.org\/{rel}","templated":true}]}}