{"id":5116,"date":"2023-03-31T15:21:13","date_gmt":"2023-03-31T15:21:13","guid":{"rendered":"https:\/\/areabadalona.com\/diario\/?p=5116"},"modified":"2023-03-31T15:21:14","modified_gmt":"2023-03-31T15:21:14","slug":"el-barri-de-montigala-disposara-duna-nova-escola-bressol-municipal","status":"publish","type":"post","link":"https:\/\/areabadalona.com\/diario\/2023\/03\/31\/el-barri-de-montigala-disposara-duna-nova-escola-bressol-municipal\/","title":{"rendered":"El barri de Montigal\u00e0 disposar\u00e0 d\u2019una nova escola bressol municipal\u00a0"},"content":{"rendered":"\n<p>Aquest dijous 30 de mar\u00e7 ha tingut lloc la presentaci\u00f3 a les fam\u00edlies i entitats ve\u00efnals del projecte i les caracter\u00edstiques principals de la futura escola bressol Bugui Bugui que s\u2019ha de construir al carrer de la Ci\u00e8ncia al barri de Montigal\u00e0.&nbsp;<\/p>\n\n\n\n<p>Aquesta escola bressol ser\u00e0 el primer edifici p\u00fablic de la ciutat que tindr\u00e0 la fusta com a principal element de construcci\u00f3. L\u2019arquitecte Barto Busom, de RGA Arquitectes, ha explicat els detalls singulars d\u2019aquest edifici projectat per acollir en 7 aules un total de 107 places per a infants de 0 a 3 anys. Es tracta d\u2019una construcci\u00f3 amb una \u00fanica planta, integrat amb el parc de Montigal\u00e0, i on totes les seves estances, incloses les aules, interactuen amb l\u2019exterior, tenint totes sortides a un pati i a una zona amb porxos. Els materials i tot el sistema de climatitzaci\u00f3 est\u00e0 dissenyat per a ser sostenible i minimitzi el cost energ\u00e8tic. Com a novetat tamb\u00e9 destaca que al costat de les aules hi haur\u00e0 un espai familiar per a usos pedag\u00f2gics. &nbsp;<\/p>\n\n\n\n<p>A la reuni\u00f3 duta a terme a l\u2019edifici municipal El Viver han assistit la segona tinenta d\u2019Alcaldia i regidora de l\u2019\u00c0mbit d\u2019Educaci\u00f3, Feminismes i LGTBIQ+, Ciutadania, Participaci\u00f3 i Agenda 2030, A\u00efda Llaurad\u00f3, la quarta tinenta d\u2019Alcaldia i regidora de l\u2019\u00c0mbit de Territori, Habitatge, Esports i Salut, Teresa Gonz\u00e1lez, i el regidor de l\u2019\u00c0rea d\u2019Espais P\u00fablics, Jordi Subirana. &nbsp;<\/p>\n\n\n\n<p>La regidora Llaurad\u00f3 ha avan\u00e7at que, una vegada es reculli en els pr\u00f2xims dies les opinions i les aportacions del ve\u00efnat i de la ciutadania sobre aquest projecte, ser\u00e0 el moment que l\u2019Ajuntament, a trav\u00e9s del Servei d\u2019Urbanisme, liciti el projecte\u201d.&nbsp;<\/p>\n\n\n\n<p>Es pot consultar tota la documentaci\u00f3 del Projecte Escola Bressol C.Ci\u00e8ncies-Bugui Bugui en el seg\u00fcent enlla\u00e7:&nbsp;<\/p>\n\n\n\n<p><a href=\"https:\/\/bit.ly\/42W8Lju\">https:\/\/bit.ly\/42W8Lju<\/a><\/p>\n","protected":false},"excerpt":{"rendered":"<p>Aquest dijous 30 de mar\u00e7 ha tingut lloc la presentaci\u00f3 a les fam\u00edlies i entitats ve\u00efnals del projecte i les caracter\u00edstiques principals de la futura escola bressol Bugui Bugui que s\u2019ha de construir al carrer de la Ci\u00e8ncia al barri de Montigal\u00e0.&nbsp; Aquesta escola bressol ser\u00e0 el primer edifici p\u00fablic de la ciutat que tindr\u00e0 [&hellip;]<\/p>\n","protected":false},"author":2,"featured_media":5117,"comment_status":"open","ping_status":"open","sticky":false,"template":"","format":"standard","meta":{"footnotes":""},"categories":[23,24],"tags":[],"class_list":{"0":"post-5116","1":"post","2":"type-post","3":"status-publish","4":"format-standard","5":"has-post-thumbnail","7":"category-actualitat","8":"category-societat"},"_links":{"self":[{"href":"https:\/\/areabadalona.com\/diario\/wp-json\/wp\/v2\/posts\/5116","targetHints":{"allow":["GET"]}}],"collection":[{"href":"https:\/\/areabadalona.com\/diario\/wp-json\/wp\/v2\/posts"}],"about":[{"href":"https:\/\/areabadalona.com\/diario\/wp-json\/wp\/v2\/types\/post"}],"author":[{"embeddable":true,"href":"https:\/\/areabadalona.com\/diario\/wp-json\/wp\/v2\/users\/2"}],"replies":[{"embeddable":true,"href":"https:\/\/areabadalona.com\/diario\/wp-json\/wp\/v2\/comments?post=5116"}],"version-history":[{"count":1,"href":"https:\/\/areabadalona.com\/diario\/wp-json\/wp\/v2\/posts\/5116\/revisions"}],"predecessor-version":[{"id":5118,"href":"https:\/\/areabadalona.com\/diario\/wp-json\/wp\/v2\/posts\/5116\/revisions\/5118"}],"wp:featuredmedia":[{"embeddable":true,"href":"https:\/\/areabadalona.com\/diario\/wp-json\/wp\/v2\/media\/5117"}],"wp:attachment":[{"href":"https:\/\/areabadalona.com\/diario\/wp-json\/wp\/v2\/media?parent=5116"}],"wp:term":[{"taxonomy":"category","embeddable":true,"href":"https:\/\/areabadalona.com\/diario\/wp-json\/wp\/v2\/categories?post=5116"},{"taxonomy":"post_tag","embeddable":true,"href":"https:\/\/areabadalona.com\/diario\/wp-json\/wp\/v2\/tags?post=5116"}],"curies":[{"name":"wp","href":"https:\/\/api.w.org\/{rel}","templated":true}]}}