{"id":5110,"date":"2023-03-31T15:17:58","date_gmt":"2023-03-31T15:17:58","guid":{"rendered":"https:\/\/areabadalona.com\/diario\/?p=5110"},"modified":"2023-03-31T15:17:58","modified_gmt":"2023-03-31T15:17:58","slug":"badalona-enceta-el-programa-salto-del-eje-que-promou-la-creacio-cinematografica-com-a-eina-de-transformacio-social","status":"publish","type":"post","link":"https:\/\/areabadalona.com\/diario\/2023\/03\/31\/badalona-enceta-el-programa-salto-del-eje-que-promou-la-creacio-cinematografica-com-a-eina-de-transformacio-social\/","title":{"rendered":"Badalona enceta el programa \u2018Salto del eje\u2019 que promou la creaci\u00f3 cinematogr\u00e0fica com a eina de transformaci\u00f3 social\u00a0"},"content":{"rendered":"\n<p>Badalona \u00e9s la primera ciutat de la prov\u00edncia de Barcelona que ha posat en marxa el programa \u2018Salto del eje\u2019. Una desena d\u2019alumnes de l\u2019IES Enric Borr\u00e0s, al barri de la Salut, han rebut formaci\u00f3 per a la creaci\u00f3 i producci\u00f3 de curtmetratges documentals amb el suport de professionals del sector cinematogr\u00e0fic. Els adolescents han tingut llibertat creativa a l\u2019hora de fer el seu propi curt, que es projectar\u00e0 al FILMETS Badalona Film Festival, amb la pres\u00e8ncia dels participants i les seves fam\u00edlies. &nbsp;<\/p>\n\n\n\n<p>Es tracta d\u2019un projecte que permet als adolescents accedir a una experi\u00e8ncia singular, com \u00e9s fer cinema, amb efectes beneficiosos com la promoci\u00f3 del talent, la millora del benestar emocional i l\u2019augment de la confian\u00e7a en si mateixos. A trav\u00e9s del llenguatge audiovisual, els estudiants podran aportar la seva mirada a l\u2019hora de construir nous relats al voltant dels barris, lluitar contra els prejudicis i els estigmes. &nbsp;<\/p>\n\n\n\n<p>D\u2019aquesta manera, el projecte reconeix el potencial transformador de la cultura per millorar la cohesi\u00f3 social i afavorir la promoci\u00f3 del talent, gr\u00e0cies a l\u2019aprenentatge i el desenvolupament de noves habilitats que tamb\u00e9 ajuden a millorar el benestar emocional. La iniciativa l\u2019ha promogut, dins la iniciativa \u2018Cultura que transforma, l\u2019Alt Comissionat contra la Pobresa Infantil, el Ministeri de Cultura i Esports, en col\u00b7laboraci\u00f3 amb la Federaci\u00f3n Pantalla, i ha comptat amb la participaci\u00f3 de l\u2019Ajuntament de Badalona i el festival FILMETS, a trav\u00e9s del projecte \u2018Barris i comunitats: motors de transformaci\u00f3 social\u2019 de la Diputaci\u00f3 de Barcelona. &nbsp;<\/p>\n\n\n\n<p><strong>Una experi\u00e8ncia de creaci\u00f3 art\u00edstica amb beneficis i oportunitats per a l\u2019adolesc\u00e8ncia, en especial pels m\u00e9s vulnerables&nbsp;<\/strong><\/p>\n\n\n\n<p>El programa \u2018Salto del eje\u2019 es desenvolupar\u00e0 en set municipis de la prov\u00edncia de Barcelona al llarg dels pr\u00f2xims mesos, amb la participaci\u00f3 d\u2019adolescents d\u2019entre 12 i 17 anys. A banda de Badalona, tamb\u00e9 es portar\u00e0 a terme al barri de Torre-romeu de Sabadell, al barri de Cerdanyola de Matar\u00f3, al barri de Fondo de Santa Coloma de Gramenet, al barri de Sant Ildefons de Cornell\u00e0 de Llobregat, al barri de Camps Blancs de Sant Boi de Llobregat, i al barri Pare Ignasi Puig- El Xup de Manresa. &nbsp;<\/p>\n\n\n\n<p>La selecci\u00f3 dels participants es duu a terme en el marc del Projecte Transformador Barris i comunitats, com a coneixedors del territori i del teixit associatiu del barri fomentant la implicaci\u00f3 dels adolescents, les seves fam\u00edlies i l\u2019entorn m\u00e9s pr\u00f2xim.&nbsp;<\/p>\n\n\n\n<p><strong>Fins a 500.000 espectadors veuran els curtmetratges&nbsp;<\/strong><\/p>\n\n\n\n<p>Els curtmetratges produ\u00efts pels adolescents es projectaran en festivals o mostres de cinema associats a la Catalunya Film Festivals i a Federaci\u00f3n Pantalla, al llarg de tot l\u2019any. Es preveu que els vegin fins a 500.000 espectadors de tot l\u2019estat. Les diferents peces audiovisuals tamb\u00e9 tindran una funci\u00f3 educativa mitjan\u00e7ant el desenvolupament de tallers i projecci\u00f3 en diversos centres educatius.&nbsp;<\/p>\n\n\n\n<p>Aquest projecte impulsat amb la col\u00b7laboraci\u00f3 de la Diputaci\u00f3 de Barcelona respon als Objectius de Desenvolupament Sostenible (ODS) n\u00famero 4 \u201cEducaci\u00f3 de qualitat\u00bb i n\u00famero 10 \u00abReducci\u00f3 de les desigualtats\u00bb. Els 17 ODS van ser proclamats per l\u2019Assemblea General de Nacions Unides el 25 de setembre de 2015 i formen part de l\u2019agenda global per a 2030. La Diputaci\u00f3 de Barcelona n\u2019assumeix el compliment i desplega la seva acci\u00f3 de suport als governs locals de la prov\u00edncia d\u2019acord amb aquests ODS.&nbsp;<\/p>\n","protected":false},"excerpt":{"rendered":"<p>Badalona \u00e9s la primera ciutat de la prov\u00edncia de Barcelona que ha posat en marxa el programa \u2018Salto del eje\u2019. Una desena d\u2019alumnes de l\u2019IES Enric Borr\u00e0s, al barri de la Salut, han rebut formaci\u00f3 per a la creaci\u00f3 i producci\u00f3 de curtmetratges documentals amb el suport de professionals del sector cinematogr\u00e0fic. Els adolescents han [&hellip;]<\/p>\n","protected":false},"author":2,"featured_media":5111,"comment_status":"open","ping_status":"open","sticky":false,"template":"","format":"standard","meta":{"footnotes":""},"categories":[23,24],"tags":[],"class_list":{"0":"post-5110","1":"post","2":"type-post","3":"status-publish","4":"format-standard","5":"has-post-thumbnail","7":"category-actualitat","8":"category-societat"},"_links":{"self":[{"href":"https:\/\/areabadalona.com\/diario\/wp-json\/wp\/v2\/posts\/5110","targetHints":{"allow":["GET"]}}],"collection":[{"href":"https:\/\/areabadalona.com\/diario\/wp-json\/wp\/v2\/posts"}],"about":[{"href":"https:\/\/areabadalona.com\/diario\/wp-json\/wp\/v2\/types\/post"}],"author":[{"embeddable":true,"href":"https:\/\/areabadalona.com\/diario\/wp-json\/wp\/v2\/users\/2"}],"replies":[{"embeddable":true,"href":"https:\/\/areabadalona.com\/diario\/wp-json\/wp\/v2\/comments?post=5110"}],"version-history":[{"count":1,"href":"https:\/\/areabadalona.com\/diario\/wp-json\/wp\/v2\/posts\/5110\/revisions"}],"predecessor-version":[{"id":5112,"href":"https:\/\/areabadalona.com\/diario\/wp-json\/wp\/v2\/posts\/5110\/revisions\/5112"}],"wp:featuredmedia":[{"embeddable":true,"href":"https:\/\/areabadalona.com\/diario\/wp-json\/wp\/v2\/media\/5111"}],"wp:attachment":[{"href":"https:\/\/areabadalona.com\/diario\/wp-json\/wp\/v2\/media?parent=5110"}],"wp:term":[{"taxonomy":"category","embeddable":true,"href":"https:\/\/areabadalona.com\/diario\/wp-json\/wp\/v2\/categories?post=5110"},{"taxonomy":"post_tag","embeddable":true,"href":"https:\/\/areabadalona.com\/diario\/wp-json\/wp\/v2\/tags?post=5110"}],"curies":[{"name":"wp","href":"https:\/\/api.w.org\/{rel}","templated":true}]}}