{"id":5107,"date":"2023-03-31T15:16:18","date_gmt":"2023-03-31T15:16:18","guid":{"rendered":"https:\/\/areabadalona.com\/diario\/?p=5107"},"modified":"2023-03-31T15:16:19","modified_gmt":"2023-03-31T15:16:19","slug":"la-nit-de-lesport-torna-amb-forca-a-badalona","status":"publish","type":"post","link":"https:\/\/areabadalona.com\/diario\/2023\/03\/31\/la-nit-de-lesport-torna-amb-forca-a-badalona\/","title":{"rendered":"La Nit de l\u2019Esport torna amb for\u00e7a a Badalona \u00a0"},"content":{"rendered":"\n<p>L\u2019Espai Titus va acollir aquest dijous al vespre la Nit de l\u2019Esport de Badalona, un acte de reconeixement als i les esportistes, equips, clubs i persones vinculades a l\u2019esport badalon\u00ed que han tingut una actuaci\u00f3 destacada durant la temporada esportiva 2021-2022. En total, m\u00e9s de 200 esportistes i 35 entitats esportives van rebre guardons de la m\u00e0 de l\u2019alcalde de Badalona, Rub\u00e9n Guijarro; de la quarta tinenta d\u2019alcaldia i regidora de l\u2019\u00c0mbit de Territori, Habitatge, Esports i Salut, Teresa Gonz\u00e1lez; i dels diferents representants de federacions i institucions esportives del pa\u00eds.&nbsp;<\/p>\n\n\n\n<p>Durant l\u2019acte, que va estar condu\u00eft pel periodista esportiu Aleix Paris\u00e9, tamb\u00e9 es van atorgar 11 mencions especials a esportistes i entitats i es va fer un petit homenatge a Jordi Villacampa, hist\u00f2ric jugador del Club Joventut Badalona durant 17 anys (1980-1997) i tamb\u00e9 expresident de l\u2019entitat; i a Tente S\u00e0nchez, qui va ser un dels futbolistes m\u00e9s destacats del Futbol Club Barcelona durant 11 temporades (1975 \u2013 1986).&nbsp;<\/p>\n\n\n\n<p>La gala va comptar amb la pres\u00e8ncia de tots els esportistes i membres de les entitats premiades, els seus acompanyants i ve\u00efns i ve\u00efnes de Badalona. Durant l\u2019acte els assistents van poder gaudir de &nbsp;les actuacions del guanyador de Got Talent Espanya 2022, el mag Jordi Caps, i de la companyia internacional de hip-hop, dansa i cultura urbana Brodas Bros.&nbsp;<\/p>\n\n\n\n<p>La quarta tinenta d\u2019alcaldia i regidora de l\u2019\u00c0mbit de Territori, Habitatge, Esports i Salut, Teresa Gonz\u00e1lez, va explicar que \u201cl\u2019Ajuntament de Badalona repr\u00e8n la celebraci\u00f3 de la Nit de l\u2019Esport despr\u00e9s de gaireb\u00e9 20 anys amb la intenci\u00f3 de consolidar-la com la trobada anual de la gent de l\u2019esport de la ciutat i com a acte reconeixement del seu paper fonamental a la ciutat\u201d. &nbsp;<\/p>\n","protected":false},"excerpt":{"rendered":"<p>L\u2019Espai Titus va acollir aquest dijous al vespre la Nit de l\u2019Esport de Badalona, un acte de reconeixement als i les esportistes, equips, clubs i persones vinculades a l\u2019esport badalon\u00ed que han tingut una actuaci\u00f3 destacada durant la temporada esportiva 2021-2022. En total, m\u00e9s de 200 esportistes i 35 entitats esportives van rebre guardons de [&hellip;]<\/p>\n","protected":false},"author":2,"featured_media":5108,"comment_status":"open","ping_status":"open","sticky":false,"template":"","format":"standard","meta":{"footnotes":""},"categories":[23],"tags":[],"class_list":{"0":"post-5107","1":"post","2":"type-post","3":"status-publish","4":"format-standard","5":"has-post-thumbnail","7":"category-actualitat"},"_links":{"self":[{"href":"https:\/\/areabadalona.com\/diario\/wp-json\/wp\/v2\/posts\/5107","targetHints":{"allow":["GET"]}}],"collection":[{"href":"https:\/\/areabadalona.com\/diario\/wp-json\/wp\/v2\/posts"}],"about":[{"href":"https:\/\/areabadalona.com\/diario\/wp-json\/wp\/v2\/types\/post"}],"author":[{"embeddable":true,"href":"https:\/\/areabadalona.com\/diario\/wp-json\/wp\/v2\/users\/2"}],"replies":[{"embeddable":true,"href":"https:\/\/areabadalona.com\/diario\/wp-json\/wp\/v2\/comments?post=5107"}],"version-history":[{"count":1,"href":"https:\/\/areabadalona.com\/diario\/wp-json\/wp\/v2\/posts\/5107\/revisions"}],"predecessor-version":[{"id":5109,"href":"https:\/\/areabadalona.com\/diario\/wp-json\/wp\/v2\/posts\/5107\/revisions\/5109"}],"wp:featuredmedia":[{"embeddable":true,"href":"https:\/\/areabadalona.com\/diario\/wp-json\/wp\/v2\/media\/5108"}],"wp:attachment":[{"href":"https:\/\/areabadalona.com\/diario\/wp-json\/wp\/v2\/media?parent=5107"}],"wp:term":[{"taxonomy":"category","embeddable":true,"href":"https:\/\/areabadalona.com\/diario\/wp-json\/wp\/v2\/categories?post=5107"},{"taxonomy":"post_tag","embeddable":true,"href":"https:\/\/areabadalona.com\/diario\/wp-json\/wp\/v2\/tags?post=5107"}],"curies":[{"name":"wp","href":"https:\/\/api.w.org\/{rel}","templated":true}]}}