{"id":5104,"date":"2023-03-31T15:14:40","date_gmt":"2023-03-31T15:14:40","guid":{"rendered":"https:\/\/areabadalona.com\/diario\/?p=5104"},"modified":"2023-03-31T15:14:41","modified_gmt":"2023-03-31T15:14:41","slug":"el-president-de-la-generalitat-visita-les-tres-xemeneies-lespai-del-futur-catalunya-media-city","status":"publish","type":"post","link":"https:\/\/areabadalona.com\/diario\/2023\/03\/31\/el-president-de-la-generalitat-visita-les-tres-xemeneies-lespai-del-futur-catalunya-media-city\/","title":{"rendered":"El president de la Generalitat visita les Tres Xemeneies, l\u2019espai del futur Catalunya Media City \u00a0"},"content":{"rendered":"\n<p>El president de la Generalitat, Pere Aragon\u00e8s, ha visitat aquest divendres al mat\u00ed les Tres Xemeneies, l\u2019espai del futur Catalunya Media City acompanyat per la consellera de Cultura, Nat\u00e0lia Garriga; l\u2019alcalde de Badalona, Rub\u00e9n Guijarro; i l\u2019alcaldessa de Sant Adri\u00e0 de Bes\u00f2s, Filo Ca\u00f1ete; Tamb\u00e9 ha participat en la visita el nou director del programa Catalunya Media City, Marc L\u00f3pez.&nbsp;<\/p>\n\n\n\n<p>Despr\u00e9s de passejar per l\u2019espai, el president ha explicat que \u201cel Catalunya Media City permetr\u00e0 que la ind\u00fastria digital i d\u2019audiovisual de Catalunya esdevingui un motor en l\u2019\u00e0mbit europeu\u201d. \u201cDes del Govern hem fet d\u2019aquest projecte una de les grans apostes estrat\u00e8giques del pa\u00eds, perqu\u00e8 tenim clar que cal refor\u00e7ar i promoure un dels sectors amb m\u00e9s futur, per a convertir-nos en referents com a pot\u00e8ncia creativa a Europa i per atraure inversi\u00f3 estrangera amb grans produccions internacionals\u201d, ha afegit.&nbsp;<\/p>\n\n\n\n<p>El Catalunya Media City \u00e9s un projecte estrat\u00e8gic que el Govern est\u00e0 desenvolupant en conson\u00e0ncia amb els agents de la zona del Bes\u00f2s. Aquest equipament acollir\u00e0 dins seu projectes audiovisuals, digitals i del videojoc. Constar\u00e0 de plat\u00f3s, estudis de gravaci\u00f3, espais de recerca i innovaci\u00f3; ser\u00e0 un pol per a estudiants de formaci\u00f3 professional i universitats; retindr\u00e0 talent t\u00e8cnic i creatiu, i generar\u00e0 llocs de treball en uns \u00e0mbits que estan cridats a ser un motor econ\u00f2mic de primer ordre.&nbsp;<\/p>\n\n\n\n<p><strong>Contribuir a la transformaci\u00f3 del Bes\u00f2s &nbsp;<\/strong><\/p>\n\n\n\n<p>Una altra de les finalitats del Catalunya Media City ser\u00e0 contribuir al progr\u00e9s i a la transformaci\u00f3 de la zona del Bes\u00f2s, que, tal com ha declarat el president, \u00e9s \u201cuna de les assignatures pendents que el conjunt d\u2019administracions tenim sobre la taula\u201d i a la qual s\u2019est\u00e0 \u201cresponent de forma conjunta, alineant objectius i treballant de forma compartida\u201d.&nbsp;<\/p>\n\n\n\n<p>En aquest sentit, Aragon\u00e8s ha destacat que el canvi que suposar\u00e0 la recuperaci\u00f3 de tot l\u2019espai de les Tres Xemeneies, \u201cposat al servei de la creativitat, del dinamisme econ\u00f2mic i d\u2019una oferta d\u2019habitatge assequible\u201d, permetr\u00e0 tornar a omplir d\u2019activitat i de vida la zona i beneficiar\u00e0 directament els ciutadans que hi viuen a prop. El projecte demostra que el Bes\u00f2s \u00e9s un territori en el qual \u201cla Generalitat hi est\u00e0 fermament compromesa\u201d, ha afegit el cap de l\u2019Executiu, \u201cgenerant inversions com aquesta i com la resta de projectes en l\u2019\u00e0mbit educatiu, sanitari, de seguretat i de dinamisme econ\u00f2mic, que milloren la vida de la ciutadania i generen oportunitats de futur\u201d. El president tamb\u00e9 ha agra\u00eft als ajuntaments de Sant Adir\u00e0 i Badalona \u201chaver cregut en el projecte des del primer dia\u201d.&nbsp;<\/p>\n\n\n\n<p>Per la seva part, l\u2019alcalde de Badalona, Rub\u00e9n Guijarro, ha destacat que \u00abla imatge d&#8217;avui, que mostra a les diferents institucions alineades amb un mateix prop\u00f2sit, \u00e9s una gran not\u00edcia per a tota l\u2019\u00e0rea del Bes\u00f2s i la comarca del Barcelon\u00e8s Nord, un territori que necessita el suport i els recursos supramunicipals per a poder desenvolupar tot el seu gran potencial\u00bb. Guijarro ha considerat que \u00abel Catalunya Media City ha de servir com a motor de canvi per a revertir un d\u00e8ficit hist\u00f2ric i ampliar la mirada cap a l&#8217;\u00e0rea del Bes\u00f2s\u00bb.&nbsp;<\/p>\n\n\n\n<p><strong>Un nou barri&nbsp;<\/strong><\/p>\n\n\n\n<p>Igualment, s\u2019ha aprovat l\u2019instrument de planejament urban\u00edstic necessari per redissenyar tota la zona, el Pla director urban\u00edstic (PDU) de les Tres Xemeneies. El Pla ordena un sector de 32 hect\u00e0rees situades al front litoral metropolit\u00e0 de Barcelona, a la franja que queda compresa entre el ferrocarril i el mar, i des de la desembocadura del riu Bes\u00f2s a Sant Adri\u00e0 fins al final de l\u2019espai de les Tres Xemeneies, al l\u00edmit amb el barri de la Mora de Badalona.<strong>&nbsp;<\/strong><\/p>\n\n\n\n<p>\u00c9s aqu\u00ed on es desenvolupar\u00e0 el Catalunya Media City, en un nou barri que acollir\u00e0 tant habitatge com activitat econ\u00f2mica, equipaments, un gran parc equipat i nova vialitat. L\u2019ordenaci\u00f3 de l\u2019edificaci\u00f3 i de la zona d\u2019activitats econ\u00f2miques que proposa el PDU permet destinar prop del 80% de la superf\u00edcie que abasta el Pla a espais p\u00fablics.&nbsp;<\/p>\n\n\n\n<p>Amb l\u2019aprovaci\u00f3 del PDU de les Tres Xemeneies s\u2019encara des d\u2019una \u00f2ptica supramunicipal un empla\u00e7ament complex per\u00f2 de gran potencial per la seva ubicaci\u00f3 i caracter\u00edstiques, que incorpora, a m\u00e9s de la c\u00e0rrega simb\u00f2lica d\u2019un important element de patrimoni industrial \u2013les Tres Xemeneies-, una de les fites urbanes principals de l\u2019\u00e0rea metropolitana de Barcelona i el seu front mar\u00edtim.&nbsp;<\/p>\n","protected":false},"excerpt":{"rendered":"<p>El president de la Generalitat, Pere Aragon\u00e8s, ha visitat aquest divendres al mat\u00ed les Tres Xemeneies, l\u2019espai del futur Catalunya Media City acompanyat per la consellera de Cultura, Nat\u00e0lia Garriga; l\u2019alcalde de Badalona, Rub\u00e9n Guijarro; i l\u2019alcaldessa de Sant Adri\u00e0 de Bes\u00f2s, Filo Ca\u00f1ete; Tamb\u00e9 ha participat en la visita el nou director del programa [&hellip;]<\/p>\n","protected":false},"author":2,"featured_media":5105,"comment_status":"open","ping_status":"open","sticky":false,"template":"","format":"standard","meta":{"footnotes":""},"categories":[23],"tags":[],"class_list":{"0":"post-5104","1":"post","2":"type-post","3":"status-publish","4":"format-standard","5":"has-post-thumbnail","7":"category-actualitat"},"_links":{"self":[{"href":"https:\/\/areabadalona.com\/diario\/wp-json\/wp\/v2\/posts\/5104","targetHints":{"allow":["GET"]}}],"collection":[{"href":"https:\/\/areabadalona.com\/diario\/wp-json\/wp\/v2\/posts"}],"about":[{"href":"https:\/\/areabadalona.com\/diario\/wp-json\/wp\/v2\/types\/post"}],"author":[{"embeddable":true,"href":"https:\/\/areabadalona.com\/diario\/wp-json\/wp\/v2\/users\/2"}],"replies":[{"embeddable":true,"href":"https:\/\/areabadalona.com\/diario\/wp-json\/wp\/v2\/comments?post=5104"}],"version-history":[{"count":1,"href":"https:\/\/areabadalona.com\/diario\/wp-json\/wp\/v2\/posts\/5104\/revisions"}],"predecessor-version":[{"id":5106,"href":"https:\/\/areabadalona.com\/diario\/wp-json\/wp\/v2\/posts\/5104\/revisions\/5106"}],"wp:featuredmedia":[{"embeddable":true,"href":"https:\/\/areabadalona.com\/diario\/wp-json\/wp\/v2\/media\/5105"}],"wp:attachment":[{"href":"https:\/\/areabadalona.com\/diario\/wp-json\/wp\/v2\/media?parent=5104"}],"wp:term":[{"taxonomy":"category","embeddable":true,"href":"https:\/\/areabadalona.com\/diario\/wp-json\/wp\/v2\/categories?post=5104"},{"taxonomy":"post_tag","embeddable":true,"href":"https:\/\/areabadalona.com\/diario\/wp-json\/wp\/v2\/tags?post=5104"}],"curies":[{"name":"wp","href":"https:\/\/api.w.org\/{rel}","templated":true}]}}