{"id":5101,"date":"2023-03-31T15:09:08","date_gmt":"2023-03-31T15:09:08","guid":{"rendered":"https:\/\/areabadalona.com\/diario\/?p=5101"},"modified":"2023-03-31T15:09:08","modified_gmt":"2023-03-31T15:09:08","slug":"el-dissabte-1-dabril-jornada-de-portes-obertes-per-presentar-a-la-ciutadania-el-projecte-del-nou-canal-badalona","status":"publish","type":"post","link":"https:\/\/areabadalona.com\/diario\/2023\/03\/31\/el-dissabte-1-dabril-jornada-de-portes-obertes-per-presentar-a-la-ciutadania-el-projecte-del-nou-canal-badalona\/","title":{"rendered":"El dissabte 1 d\u2019abril, Jornada de portes obertes per presentar a la ciutadania el projecte del nou Canal Badalona\u00a0"},"content":{"rendered":"\n<p>La Rambla del Gorg acollir\u00e0 aquest pr\u00f2xim <strong>dissabte 1 d\u2019abril, entre les 10 i les 20 hores, <\/strong>una jornada l\u00fadica i festiva per presentar a la ciutadania el projecte del nou Canal Badalona. Marina Badalona ha organitzat una Jornada de portes obertes en el decurs de la qual es presentaran de forma detallada les obres que s\u2019han realitzat en aquest espai i les que estan en marxa. &nbsp;<\/p>\n\n\n\n<p><strong>En el marc d\u2019aquesta jornada, l\u2019alcalde de Badalona, Rub\u00e9n Guijarro, donar\u00e0 a con\u00e8ixer <u>a les 10.30 hores<\/u>, el projecte de remodelaci\u00f3 del passeig Mar\u00edtim que es portar\u00e0 a terme en el tram compr\u00e8s entre el carrer de Sant Dom\u00e8nec i el Torrent de Vallmajor.&nbsp;<\/strong><\/p>\n\n\n\n<p><strong><u>A les 12 hores<\/u><\/strong><strong>, l\u2019alcalde acompanyat pel gerent de Marina Badalona, Imanol Sanz, presentaran el projecte del nou Canal Badalona.&nbsp;<\/strong><\/p>\n\n\n\n<p>Els assistents podran con\u00e8ixer les caracter\u00edstiques del futur viaducte, del pas del ferrocarril i del nou canal a trav\u00e9s d\u2019una exposici\u00f3 que recull el proc\u00e9s de transformaci\u00f3 de la zona des de la seva etapa industrial fins arribar al moment actual, amb una \u00e0rea renovada que permetr\u00e0 tenir una connexi\u00f3 directa al mar creant un espai d\u2019oci, comer\u00e7 i activitats n\u00e0utiques per als ve\u00efns i ve\u00efnes.&nbsp;<\/p>\n\n\n\n<p>Per tal de renovar el canal s\u2019han executat obres de moviment de terres que han perm\u00e8s sanejar la zona per desviar provisionalment el ferrocarril i construir el viaducte per sobre del futur canal. A m\u00e9s, es preveu la construcci\u00f3 d\u2019un pas inferior al carrer Tortosa que connecti el Port i el barri de la Mora amb el barri del Gorg i el Pol\u00edgon Sud. Aquests treballs de millora permetran tenir un canal de 350 metres de longitud que completar\u00e0 la transformaci\u00f3 urban\u00edstica d\u2019aquests barris, oferint un ventall de noves possibilitats molt ampli. &nbsp;<\/p>\n\n\n\n<p>Tamb\u00e9 s\u2019informar\u00e0 del nou Pla d\u2019Usos del Port de Badalona, un projecte que convertir\u00e0 el Port en un referent per al desenvolupament econ\u00f2mic, social, tur\u00edstic i cultural de Badalona i del Barcelon\u00e8s Nord. La jornada preveu la presentaci\u00f3 de l\u2019Observatori de l\u2019Ecosistema Port-Ciutat, un espai d\u2019an\u00e0lisi, debat i reflexi\u00f3 sobre l\u2019actualitat i els reptes dels ports en el seu context de relaci\u00f3 amb els municipis on estan ubicats, que neix a iniciativa de Marina Badalona amb l\u2019objectiu de generar i difondre coneixement sobre l\u2019actualitat i els reptes dels ports del segle XXI.&nbsp;<\/p>\n\n\n\n<p><strong>Una jornada amb activitats per a tots els p\u00fablics&nbsp;<\/strong><\/p>\n\n\n\n<p>La Jornada comptar\u00e0 amb una \u00e0mplia oferta d\u2019activitats d\u2019oci i gastronomia per a tota la fam\u00edlia. El programa inclou una fira d\u2019entitats, activitats n\u00e0utiques i infantils, xocolatada i m\u00fasica. Es comptar\u00e0 amb la pres\u00e8ncia del c\u00f2mic Senyor Bohigues i tamb\u00e9 hi haur\u00e0 un espai per a la m\u00fasica amb <strong>el concert del cantant badalon\u00ed, David Ros, a les 19 hores.&nbsp;<\/strong><\/p>\n\n\n\n<p>Podeu consultar la programaci\u00f3 de la Jornada de portes obertes en aquest enlla\u00e7:&nbsp;<\/p>\n\n\n\n<p><a href=\"https:\/\/marinabadalona.cat\/wp-content\/uploads\/2023\/03\/PROGRAMA-JORNADA-INAUGURAL-CANAL-BADALONA-2.pdf\">https:\/\/marinabadalona.cat\/wp-content\/uploads\/2023\/03\/PROGRAMA-JORNADA-INAUGURAL-CANAL-BADALONA-2.pdf<\/a><\/p>\n","protected":false},"excerpt":{"rendered":"<p>La Rambla del Gorg acollir\u00e0 aquest pr\u00f2xim dissabte 1 d\u2019abril, entre les 10 i les 20 hores, una jornada l\u00fadica i festiva per presentar a la ciutadania el projecte del nou Canal Badalona. Marina Badalona ha organitzat una Jornada de portes obertes en el decurs de la qual es presentaran de forma detallada les obres [&hellip;]<\/p>\n","protected":false},"author":2,"featured_media":5102,"comment_status":"open","ping_status":"open","sticky":false,"template":"","format":"standard","meta":{"footnotes":""},"categories":[23],"tags":[],"class_list":{"0":"post-5101","1":"post","2":"type-post","3":"status-publish","4":"format-standard","5":"has-post-thumbnail","7":"category-actualitat"},"_links":{"self":[{"href":"https:\/\/areabadalona.com\/diario\/wp-json\/wp\/v2\/posts\/5101","targetHints":{"allow":["GET"]}}],"collection":[{"href":"https:\/\/areabadalona.com\/diario\/wp-json\/wp\/v2\/posts"}],"about":[{"href":"https:\/\/areabadalona.com\/diario\/wp-json\/wp\/v2\/types\/post"}],"author":[{"embeddable":true,"href":"https:\/\/areabadalona.com\/diario\/wp-json\/wp\/v2\/users\/2"}],"replies":[{"embeddable":true,"href":"https:\/\/areabadalona.com\/diario\/wp-json\/wp\/v2\/comments?post=5101"}],"version-history":[{"count":1,"href":"https:\/\/areabadalona.com\/diario\/wp-json\/wp\/v2\/posts\/5101\/revisions"}],"predecessor-version":[{"id":5103,"href":"https:\/\/areabadalona.com\/diario\/wp-json\/wp\/v2\/posts\/5101\/revisions\/5103"}],"wp:featuredmedia":[{"embeddable":true,"href":"https:\/\/areabadalona.com\/diario\/wp-json\/wp\/v2\/media\/5102"}],"wp:attachment":[{"href":"https:\/\/areabadalona.com\/diario\/wp-json\/wp\/v2\/media?parent=5101"}],"wp:term":[{"taxonomy":"category","embeddable":true,"href":"https:\/\/areabadalona.com\/diario\/wp-json\/wp\/v2\/categories?post=5101"},{"taxonomy":"post_tag","embeddable":true,"href":"https:\/\/areabadalona.com\/diario\/wp-json\/wp\/v2\/tags?post=5101"}],"curies":[{"name":"wp","href":"https:\/\/api.w.org\/{rel}","templated":true}]}}