{"id":5098,"date":"2023-03-30T14:31:52","date_gmt":"2023-03-30T14:31:52","guid":{"rendered":"https:\/\/areabadalona.com\/diario\/?p=5098"},"modified":"2023-03-30T14:31:52","modified_gmt":"2023-03-30T14:31:52","slug":"la-remodelacio-de-lavinguda-dalfons-xiii-permetra-reduir-el-transit-i-adaptar-la-zona-a-lus-preferent-dels-vianants","status":"publish","type":"post","link":"https:\/\/areabadalona.com\/diario\/2023\/03\/30\/la-remodelacio-de-lavinguda-dalfons-xiii-permetra-reduir-el-transit-i-adaptar-la-zona-a-lus-preferent-dels-vianants\/","title":{"rendered":"La remodelaci\u00f3 de l\u2019avinguda d\u2019Alfons XIII permetr\u00e0 reduir el tr\u00e0nsit i adaptar la zona a l\u2019\u00fas preferent dels vianants\u00a0"},"content":{"rendered":"\n<p>L\u2019alcalde de Badalona, Rub\u00e9n Guijarro, va presentar aquest dimecres a la tarda davant ve\u00efns, ve\u00efnes i entitats el projecte de reurbanitzaci\u00f3 de l\u2019avinguda d\u2019Alfons XIII en el tram compr\u00e8s des de la cru\u00eflla amb el carrer del Bogatell, al barri d\u2019Artigues, i la cru\u00eflla amb el carrer de Juan Valera, situat entre La Salut i Llefi\u00e0. &nbsp;<\/p>\n\n\n\n<p>L\u2019actuaci\u00f3 preveu la reducci\u00f3 de quatre a dos els carrils de circulaci\u00f3 rodada, un per cada sentit, fet que permetr\u00e0 ampliar la superf\u00edcie de les voreres del carrer (que augmentaran la seva amplada fins als cinc metres) i la incorporaci\u00f3 de dos carrils bici segregats de la cal\u00e7ada i les voreres, amb una amplada d\u20191,2 metres. El projecte tamb\u00e9 inclou la plantaci\u00f3 de m\u00e9s de 200 arbres, la introducci\u00f3 de prop de 2.000 m\u00b2 de parterres amb vegetaci\u00f3, la millora i adequaci\u00f3 de l\u2019enllumenat p\u00fablic i la instal\u00b7laci\u00f3 de nou mobiliari urb\u00e0 per fomentar l\u2019\u00fas p\u00fablic de l\u2019espai. &nbsp;&nbsp;<\/p>\n\n\n\n<p>La transformaci\u00f3 de l\u2019avinguda d\u2019Alfons XIII es fa amb la voluntat d\u2019adaptar la zona a l\u2019\u00fas preferent dels vianants i de donar a les persones m\u00e9s protagonisme en aquesta via, una de les principals art\u00e8ries de la ciutat. En aquest sentit, s\u2019ha previst tamb\u00e9 la introducci\u00f3 de set nous passos de vianants amb sem\u00e0for i la millora del transport p\u00fablic amb la instal\u00b7laci\u00f3 de dues noves parades dobles d\u2019autob\u00fas. A m\u00e9s, la introducci\u00f3 dels carrils bici permetr\u00e0 ampliar la xarxa pedalable de la ciutat i unir-la amb la de Barcelona a trav\u00e9s de Sant Adri\u00e0 de Bes\u00f2s. Aquestes actuacions es complementaran amb la millora del clavegueram i del drenatge de la via amb la instal\u00b7laci\u00f3 de 65 nous embornals, fet que afavorir\u00e0 el manteniment del bon estat de l\u2019avinguda. &nbsp;<\/p>\n\n\n\n<p>La reurbanitzaci\u00f3 de l\u2019avinguda Alfons XIII compr\u00e8n una \u00e0rea d\u2019actuaci\u00f3 de 2,4 hect\u00e0rees i compta amb un pressupost de 4.000.000 \u20ac amb IVA, m\u00e9s 1.4 milions de les millores de les infraestructures de drenatge. Part d\u2019aquest pressupost \u00e9s finan\u00e7at amb els fons <em>Next Generation EU<\/em>. Les obres tindran una durada aproximada de 10 mesos i est\u00e0 previst que comencin el mes de gener de l\u2019any 2024.&nbsp;<\/p>\n\n\n\n<p>L\u2019alcalde de Badalona, Rub\u00e9n Guijarro, va assegurar durant la presentaci\u00f3 que \u201cla remodelaci\u00f3 de l\u2019avinguda Alfons XIII \u00e9s una prioritat del nostre govern que es far\u00e0 realitat durant l\u2019any 2024\u201d. \u201cVolem que aquesta zona de la ciutat estigui a l\u2019altura del que mereixen els seus ve\u00efns, amb una avinguda amb vegetaci\u00f3, mobiliari urb\u00e0 que afavoreixi l\u2019\u00fas de l\u2019espai p\u00fablic per part de la ciutadania, menys tr\u00e0nsit i m\u00e9s seguretat i mobilitat per als vianants\u201d, va explicar l\u2019alcalde. &nbsp;<\/p>\n","protected":false},"excerpt":{"rendered":"<p>L\u2019alcalde de Badalona, Rub\u00e9n Guijarro, va presentar aquest dimecres a la tarda davant ve\u00efns, ve\u00efnes i entitats el projecte de reurbanitzaci\u00f3 de l\u2019avinguda d\u2019Alfons XIII en el tram compr\u00e8s des de la cru\u00eflla amb el carrer del Bogatell, al barri d\u2019Artigues, i la cru\u00eflla amb el carrer de Juan Valera, situat entre La Salut i [&hellip;]<\/p>\n","protected":false},"author":2,"featured_media":5099,"comment_status":"open","ping_status":"open","sticky":false,"template":"","format":"standard","meta":{"footnotes":""},"categories":[23],"tags":[],"class_list":{"0":"post-5098","1":"post","2":"type-post","3":"status-publish","4":"format-standard","5":"has-post-thumbnail","7":"category-actualitat"},"_links":{"self":[{"href":"https:\/\/areabadalona.com\/diario\/wp-json\/wp\/v2\/posts\/5098","targetHints":{"allow":["GET"]}}],"collection":[{"href":"https:\/\/areabadalona.com\/diario\/wp-json\/wp\/v2\/posts"}],"about":[{"href":"https:\/\/areabadalona.com\/diario\/wp-json\/wp\/v2\/types\/post"}],"author":[{"embeddable":true,"href":"https:\/\/areabadalona.com\/diario\/wp-json\/wp\/v2\/users\/2"}],"replies":[{"embeddable":true,"href":"https:\/\/areabadalona.com\/diario\/wp-json\/wp\/v2\/comments?post=5098"}],"version-history":[{"count":1,"href":"https:\/\/areabadalona.com\/diario\/wp-json\/wp\/v2\/posts\/5098\/revisions"}],"predecessor-version":[{"id":5100,"href":"https:\/\/areabadalona.com\/diario\/wp-json\/wp\/v2\/posts\/5098\/revisions\/5100"}],"wp:featuredmedia":[{"embeddable":true,"href":"https:\/\/areabadalona.com\/diario\/wp-json\/wp\/v2\/media\/5099"}],"wp:attachment":[{"href":"https:\/\/areabadalona.com\/diario\/wp-json\/wp\/v2\/media?parent=5098"}],"wp:term":[{"taxonomy":"category","embeddable":true,"href":"https:\/\/areabadalona.com\/diario\/wp-json\/wp\/v2\/categories?post=5098"},{"taxonomy":"post_tag","embeddable":true,"href":"https:\/\/areabadalona.com\/diario\/wp-json\/wp\/v2\/tags?post=5098"}],"curies":[{"name":"wp","href":"https:\/\/api.w.org\/{rel}","templated":true}]}}