{"id":5095,"date":"2023-03-30T14:21:40","date_gmt":"2023-03-30T14:21:40","guid":{"rendered":"https:\/\/areabadalona.com\/diario\/?p=5095"},"modified":"2023-03-30T14:21:40","modified_gmt":"2023-03-30T14:21:40","slug":"presentat-a-badalona-el-programa-ocell-de-foc-joves-espais-de-vida-i-trencament-destigmes","status":"publish","type":"post","link":"https:\/\/areabadalona.com\/diario\/2023\/03\/30\/presentat-a-badalona-el-programa-ocell-de-foc-joves-espais-de-vida-i-trencament-destigmes\/","title":{"rendered":"Presentat a Badalona el programa Ocell de Foc: Joves, espais de vida, i trencament d&#8217;estigmes\u00a0"},"content":{"rendered":"\n<p>El Centre Cultural El Carme ha acollit aquest dijous la presentaci\u00f3 a Badalona del programa Ocell de Foc: Joves, espais de vida, i trencament d&#8217;estigmes. Badalona i Sant Adri\u00e0 de Bes\u00f2s s\u00f3n dues de les poblacions del Barcelon\u00e8s Nord on el Departament de Treball de la Generalitat de Catalunya impulsa el programa. En el cas de Badalona, aquesta iniciativa compta amb la col\u00b7laboraci\u00f3 de l&#8217;Ajuntament de Badalona i del teixit social i associatiu de la ciutat.&nbsp;<\/p>\n\n\n\n<p>El programa Ocell de Foc t\u00e9 com a objectiu l\u2019atenci\u00f3 integral a joves d\u2019entre 16 i 30 anys, especialment d\u2019aquells i aquelles amb problem\u00e0tica de salut mental, i el seu acompanyament cap a l&#8217;autonomia personal i la construcci\u00f3 d&#8217;una vida independent, proporcionant-los les eines i els recursos per assolir la inserci\u00f3 laboral o la recuperaci\u00f3 del seu itinerari formatiu.&nbsp;<\/p>\n\n\n\n<p>La presentaci\u00f3 del programa ha comptat amb la pres\u00e8ncia d\u2019Isabel Garcia, subdirectora general de Treball en la Diversitat de la Generalitat de Catalunya; Andrea Zapata, regidora de Joventut, Participaci\u00f3 ciutadana i Coordinaci\u00f3 Territorial; David Torrents, tercer tinent d&#8217;Alcaldia i regidor de l&#8217;\u00c0mbit de Protecci\u00f3 Social a les Persones i Impuls Comercial; \u00c0lex Montorn\u00e8s, primer tinent d&#8217;Alcaldia i regidor de l&#8217;\u00c0mbit d&#8217;Impuls de Ciutat i Reconstrucci\u00f3 COVID; i Javier Luque, de la ger\u00e8ncia de la Cooperativa d\u2019Iniciativa Social Gedi al Barcelon\u00e8s Nord&nbsp;<\/p>\n\n\n\n<p>La subdirectora general de Treball en la Diversitat de la Generalitat de Catalunya ha explicat durant la presentaci\u00f3 que \u201caquesta iniciativa busca crear xarxa i comunitat i establir aliances territorials perqu\u00e8 les accions no siguin puntuals, sin\u00f3 que esdevinguin estructurals i ens ajudin a revertir les tend\u00e8ncies i problem\u00e0tiques de salut mental que existeixen actualment a les nostres societat\u201d&nbsp;<\/p>\n\n\n\n<p>El programa s&#8217;est\u00e0 implantant a tot el territori catal\u00e0. A Badalona, ha arribat de la m\u00e0 del nucli Barcelon\u00e8s Nord 1. Aquest nucli est\u00e0 format per entitats del territori que treballen conjuntament per a trencar estigmes i parlar obertament sobre salut mental. Les entitats \u00absentinella\u00bb que formen part del Nucli s\u00f3n: Cooperativa GEDI, Associaci\u00f3 Salut Mental Barcelon\u00e8s Nord, Badalona Capa\u00e7, ASAUPAM i La Rotllana. Alhora, hi ha un conjunt d&#8217;entitats i administracions que hi col\u00b7laboren contribuint en la creaci\u00f3 d&#8217;una xarxa comunit\u00e0ria forta per impulsar el programa. Aquests entitats \u00absat\u00e8l\u00b7lit\u00bb s\u00f3n: l&#8217;Ajuntament de Badalona, la Fundaci\u00f3 Llegat Roca i Pi, la Fundaci\u00f3 Formaci\u00f3 i Treball, la Fundaci\u00f3 Vidal i Barraquer i Badalona Serveis Assistencials (BSA).&nbsp;<\/p>\n\n\n\n<p>La regidora de Joventut, Participaci\u00f3 ciutadana i Coordinaci\u00f3 Territorial, Andrea Zapata ha agra\u00eft \u00abla implicaci\u00f3 del teixit associatiu de la ciutat en aquest programa, que ens ha d\u2019ajudar a trencar tots els estigmes i tamb\u00e9 a ser conscients de les situacions i problem\u00e0tiques que ha d\u2019afrontar el jovent i els recursos que s\u00f3n necessaris per poder dur-los a terme\u201d. &nbsp;<\/p>\n\n\n\n<p><strong>Atendre 2.000 joves en dos anys&nbsp;<\/strong><\/p>\n\n\n\n<p>La previsi\u00f3 del programa \u00e9s atendre 2.000 joves en dos anys en aquest territori, el 15% dels quals amb malestar emocional o problem\u00e0tiques de salut mental. El pressupost que s&#8217;hi destina \u00e9s de 380.000 euros. En l&#8217;\u00e0mbit de pa\u00eds, el projecte compta amb un pressupost de 9,9 milions d\u2019euros i un total de 22 Nuclis.&nbsp;<\/p>\n\n\n\n<p>El tercer tinent d&#8217;Alcaldia i regidor de l&#8217;\u00c0mbit de Protecci\u00f3 Social a les Persones i Impuls Comercial, David Torrents, ha afirmat que \u00ab\u00e9s un orgull tenir un associacionisme i un jovent que empeny les institucions per tirar endavant projectes com el Ocell de Foc, una eina que ens ajudar\u00e0 a buscar solucions de present i que, a la vegada, \u00e9s una inversi\u00f3 de futur per a la ciutat\u00bb. &nbsp;<\/p>\n\n\n\n<p>Per la seva part, \u00c0lex Montorn\u00e8s, primer tinent d&#8217;Alcaldia i regidor de l&#8217;\u00c0mbit d&#8217;Impuls de Ciutat i Reconstrucci\u00f3 COVID ha destacat que \u00abaquest \u00e9s un projecte que hem d\u2019abordar transversalment des de totes les \u00e0rees de les institucions per aconseguir trencar els estigmes de la salut mental i arribar a tot el nostre jovent\u201d.&nbsp;<\/p>\n\n\n\n<p><strong>Visi\u00f3 integral i vocaci\u00f3 de servei p\u00fablic&nbsp;<\/strong><\/p>\n\n\n\n<p>Des del programa Ocell de Foc s\u2019ofereixen diferents serveis als i les joves de la comunitat, sempre amb una visi\u00f3 integral i amb vocaci\u00f3 de servei p\u00fablic:&nbsp;<\/p>\n\n\n\n<p><strong>&#8211; Trenquem estigmes<\/strong>: salut mental i sensibilitzaci\u00f3 destinada a joves i a la ciutadania en general per tal de trencar idees preconcebudes i estigmes socials, prioritzant el treball en xarxa.&nbsp;<\/p>\n\n\n\n<p><strong>&#8211; Inserci\u00f3 laboral i acad\u00e8mica<\/strong>: recerca de feina i definici\u00f3 d\u2019un itinerari formatiu&nbsp;<\/p>\n\n\n\n<p><strong>&#8211; Iniciatives juvenils<\/strong>: a partir de les motivacions i inquietuds dels i les joves, s\u2019organitzen grups, activitats i emprenedoria.&nbsp;<\/p>\n\n\n\n<p><strong>&#8211; Coaching<\/strong>: es treballen els objectius personals, el benestar emocional. S\u2019acompanya la persona en el seu desenvolupament vital.&nbsp;<\/p>\n\n\n\n<p>El gerent de la cooperativa Gedi al Barcelon\u00e8s Nord, Javier Luque, ha afirmat que&nbsp; \u00abun dels principals objectius de l\u2019Ocell de Foc \u00e9s la focalitzaci\u00f3 en generar espais de trobada juvenils, on puguin parlar del que senten i del que els hi passa. Comunicant sobre salut mental sense tab\u00fas i trencant mites, on el jovent no senti vergonya ni por per demanar ajuda, convertint-se aix\u00ed en un espai segur i de refer\u00e8ncia\u00bb.&nbsp;<\/p>\n","protected":false},"excerpt":{"rendered":"<p>El Centre Cultural El Carme ha acollit aquest dijous la presentaci\u00f3 a Badalona del programa Ocell de Foc: Joves, espais de vida, i trencament d&#8217;estigmes. Badalona i Sant Adri\u00e0 de Bes\u00f2s s\u00f3n dues de les poblacions del Barcelon\u00e8s Nord on el Departament de Treball de la Generalitat de Catalunya impulsa el programa. En el cas [&hellip;]<\/p>\n","protected":false},"author":2,"featured_media":5096,"comment_status":"open","ping_status":"open","sticky":false,"template":"","format":"standard","meta":{"footnotes":""},"categories":[23,25],"tags":[],"class_list":{"0":"post-5095","1":"post","2":"type-post","3":"status-publish","4":"format-standard","5":"has-post-thumbnail","7":"category-actualitat","8":"category-cultura"},"_links":{"self":[{"href":"https:\/\/areabadalona.com\/diario\/wp-json\/wp\/v2\/posts\/5095","targetHints":{"allow":["GET"]}}],"collection":[{"href":"https:\/\/areabadalona.com\/diario\/wp-json\/wp\/v2\/posts"}],"about":[{"href":"https:\/\/areabadalona.com\/diario\/wp-json\/wp\/v2\/types\/post"}],"author":[{"embeddable":true,"href":"https:\/\/areabadalona.com\/diario\/wp-json\/wp\/v2\/users\/2"}],"replies":[{"embeddable":true,"href":"https:\/\/areabadalona.com\/diario\/wp-json\/wp\/v2\/comments?post=5095"}],"version-history":[{"count":1,"href":"https:\/\/areabadalona.com\/diario\/wp-json\/wp\/v2\/posts\/5095\/revisions"}],"predecessor-version":[{"id":5097,"href":"https:\/\/areabadalona.com\/diario\/wp-json\/wp\/v2\/posts\/5095\/revisions\/5097"}],"wp:featuredmedia":[{"embeddable":true,"href":"https:\/\/areabadalona.com\/diario\/wp-json\/wp\/v2\/media\/5096"}],"wp:attachment":[{"href":"https:\/\/areabadalona.com\/diario\/wp-json\/wp\/v2\/media?parent=5095"}],"wp:term":[{"taxonomy":"category","embeddable":true,"href":"https:\/\/areabadalona.com\/diario\/wp-json\/wp\/v2\/categories?post=5095"},{"taxonomy":"post_tag","embeddable":true,"href":"https:\/\/areabadalona.com\/diario\/wp-json\/wp\/v2\/tags?post=5095"}],"curies":[{"name":"wp","href":"https:\/\/api.w.org\/{rel}","templated":true}]}}