{"id":5092,"date":"2023-03-30T14:18:02","date_gmt":"2023-03-30T14:18:02","guid":{"rendered":"https:\/\/areabadalona.com\/diario\/?p=5092"},"modified":"2023-03-30T14:18:02","modified_gmt":"2023-03-30T14:18:02","slug":"mes-de-365-000-euros-en-bons-per-impulsar-el-comerc-local","status":"publish","type":"post","link":"https:\/\/areabadalona.com\/diario\/2023\/03\/30\/mes-de-365-000-euros-en-bons-per-impulsar-el-comerc-local\/","title":{"rendered":"Mes de 365.000 euros en bons per impulsar el comer\u00e7 local"},"content":{"rendered":"\n<p>L\u2019Ajuntament de Badalona i la Cambra territorial del Barcelon\u00e8s Nord enceten una segona edici\u00f3 de la campanya <strong>\u201cA Badalona som bons!\u201d<\/strong> dotada amb <strong>m\u00e9s de 365.000 euros que contribuiran a generar un impacte de m\u00e9s de 900.000 euros entre el teixit comercial badalon\u00ed. <\/strong><strong>&nbsp;<\/strong><\/p>\n\n\n\n<p>La iniciativa posar\u00e0 a disposici\u00f3 dels ciutadans m\u00e9s de <strong>91.000 bons per bescanviar entre els comer\u00e7os adherits de la ciutat.<\/strong> Concretament, cada usuari tindr\u00e0 l\u2019oportunitat de descarregar un m\u00e0xim de 10 bons promocionals, els quals cadascun d\u2019ells aplicar\u00e0 4 euros de descompte per cada 10 euros de compra en les adquisicions realitzades als comer\u00e7os locals adherits a la campanya. <strong>Aix\u00ed, per cada badalon\u00ed que faci una compra per un valor final de 100 euros, se li descomptaran 40 euros <\/strong>d\u2019aquest import, pagant-ne nom\u00e9s els 60 restants, \u00e9s a dir, obtindran una rebaixa del 40% en el preu.&nbsp;<\/p>\n\n\n\n<p><strong>L\u2019adquisici\u00f3 dels bons de descompte es podr\u00e0 fer en l\u00ednia a trav\u00e9s d\u2019una plataforma web<\/strong> que s\u2019anunciar\u00e0 en els pr\u00f2xims dies, on els ciutadans i ciutadanes majors de 18 anys podran adquirir els cupons promocionals instant\u00e0niament, aix\u00ed com con\u00e8ixer els establiments adherits. A m\u00e9s, amb la voluntat d\u2019apropar la campanya a tot el conjunt de la ciutadania, el consistori municipal posar\u00e0 en marxa un <strong>punt d\u2019atenci\u00f3 presencial<\/strong>, situat a l\u2019Oficina de Turisme de Badalona del carrer de Francesc Layret, 78-82, on es podran fer la gesti\u00f3 en persona.&nbsp;<\/p>\n\n\n\n<p>La campanya pret\u00e9n triplicar el nombre d\u2019establiments adherits a la primera edici\u00f3 i superar els tres-cents. Aix\u00ed ho han presentat p\u00fablicament els impulsors de la iniciativa, qui han refermat, de nou, la seva aposta per impulsar el comer\u00e7 de proximitat, contribuint a la desestacionalitzaci\u00f3 de la demanda, i ajudar a la poblaci\u00f3 del municipi a fer front a la recent inflaci\u00f3 que ha patit la cistella de productes. De fet, <strong>per tal de fomentar el seu car\u00e0cter social la campanya posar\u00e0 a disposici\u00f3 de tota la ciutadania, que descarregui els 10 bons de comer\u00e7, la possibilitat de poder gaudir d\u2019un bo extra solidari per bescanviar en establiments d\u2019alimentaci\u00f3 que s\u2019adhereixin a l\u2019acci\u00f3 social del banc d\u2019aliments.<\/strong><strong>&nbsp;<\/strong><\/p>\n\n\n\n<p><strong>La din\u00e0mica d\u2019aquest bo solidari ser\u00e0 id\u00e8ntica, l\u2019usuari tindr\u00e0 la possibilitat d\u2019aportar volunt\u00e0riament 6 euros a la causa, mentre que l\u2019Ajuntament atorgar\u00e0 els 4 euros restants.<\/strong> En total es preveu que s\u2019assoleixin m\u00e9s de 65.000 euros els quals es destinaran \u00edntegrament a comer\u00e7os que es vinculin en la iniciativa i contribueixin a l\u2019ajut dels ve\u00efns i ve\u00efnes de Badalona en situaci\u00f3 de vulnerabilitat.&nbsp; &nbsp;<\/p>\n\n\n\n<h1 class=\"wp-block-heading\">La campanya \u00e9s fruit de l\u2019\u00e8xit assolit en la primera edici\u00f3&nbsp;<\/h1>\n\n\n\n<p>La campanya \u201cA Badalona som bons!\u201d sorgeix com a continu\u00eftat de l\u2019\u00e8xit assolit durant el per\u00edode nadalenc, quan es van injectar m\u00e9s de 520.000 euros entre el comer\u00e7 local. <strong>En aquella primera edici\u00f3, gran part de la injecci\u00f3 econ\u00f2mica se la van endur les botigues especialitzades, amb un impacte econ\u00f2mic de m\u00e9s de 215.000 euros<\/strong>, on l\u2019atracci\u00f3 de les botigues de joguines i les perfumeries va ser not\u00f2ria. Els establiments de moda tamb\u00e9 van assolir un impacte remarcable amb m\u00e9s de 125.000 euros, seguit dels d\u2019alimentaci\u00f3 amb prop de 100.000 euros generats.&nbsp;<\/p>\n\n\n\n<p>Concretament,&nbsp;<strong>per cada euro que l\u2019Ajuntament va destinar a la campanya, els comer\u00e7os locals en van ingressar 3,47<\/strong>, fet que situa l\u2019efecte multiplicatiu de la iniciativa en el 3,4. Unes xifres molt destacables que han condu\u00eft al consistori badalon\u00ed i Cambra a unir aliances per fer possible una segona edici\u00f3.&nbsp;<\/p>\n\n\n\n<h1 class=\"wp-block-heading\">La nova aposta estima un retorn proper al mili\u00f3 d\u2019euros, triplicant el seu impacte&nbsp;<\/h1>\n\n\n\n<p>La roda de premsa de presentaci\u00f3 ha comptat amb la participaci\u00f3 del tercer tinent d\u2019Alcaldia i regidor de l\u2019\u00c0mbit de Protecci\u00f3 Social a les Persones i Impuls Comercial de l\u2019Ajuntament de Badalona, <strong>David Torrents<\/strong>; del president de la Cambra territorial del Barcelon\u00e8s Nord, <strong>Pere Alemany<\/strong>; i de la presidenta de l\u2019Associaci\u00f3 de comerciants del passeig de la Salut, <strong>N\u00faria Rodr\u00edguez<\/strong>.&nbsp;<\/p>\n\n\n\n<p>En aquest sentit, el regidor de l\u2019\u00c0mbit de Protecci\u00f3 Social a les Persones i Impuls Comercial de l\u2019Ajuntament de Badalona, David Torrents, ha calculat que \u201camb la inversi\u00f3 que farem en aquesta campanya els comer\u00e7os tindran un retorn d\u2019un mili\u00f3 d\u2019euros, triplicant l\u2019impacte de la primera edici\u00f3\u201d, a m\u00e9s, ha afegit, \u201ctorna a ser una gran iniciativa per a la ciutadania que pot obtenir uns descomptes del 40% en les seves compres de proximitat, amb l\u2019afegit de l\u2019onz\u00e8 bo destinat a la solidaritat, per a contribuir al banc dels aliments\u201d.&nbsp;<\/p>\n\n\n\n<p>El president de la Cambra territorial del Barcelon\u00e8s Nord, Pere Alemany, ha manifestat que \u201cesperem tornar a estar a l\u2019al\u00e7ada de les expectatives i poder oferir, en aquest nou repte, la mateixa celeritat i efici\u00e8ncia que en la primera campanya\u201d. Alemany ha afegit que l\u2019experi\u00e8ncia de la campanya dels bons a Badalona est\u00e0 servint d\u2019exemple a seguir per altres iniciatives de diferents municipis.&nbsp;<\/p>\n\n\n\n<p>Mentre que per la seva banda, la presidenta de l\u2019Associaci\u00f3 de comerciants del passeig de la Salut, N\u00faria Rodr\u00edguez, ha assenyalat que \u201cestem molt il\u00b7lusionats amb aquesta nova campanya i tenim el convenciment, i ara tamb\u00e9 parlo com a integrant de la Federaci\u00f3 de Comerciants de Badalona, que seran molts els comer\u00e7os que s\u2019hi afegiran\u201d.&nbsp;&nbsp;<\/p>\n","protected":false},"excerpt":{"rendered":"<p>L\u2019Ajuntament de Badalona i la Cambra territorial del Barcelon\u00e8s Nord enceten una segona edici\u00f3 de la campanya \u201cA Badalona som bons!\u201d dotada amb m\u00e9s de 365.000 euros que contribuiran a generar un impacte de m\u00e9s de 900.000 euros entre el teixit comercial badalon\u00ed. &nbsp; La iniciativa posar\u00e0 a disposici\u00f3 dels ciutadans m\u00e9s de 91.000 bons [&hellip;]<\/p>\n","protected":false},"author":2,"featured_media":5093,"comment_status":"open","ping_status":"open","sticky":false,"template":"","format":"standard","meta":{"footnotes":""},"categories":[23],"tags":[],"class_list":{"0":"post-5092","1":"post","2":"type-post","3":"status-publish","4":"format-standard","5":"has-post-thumbnail","7":"category-actualitat"},"_links":{"self":[{"href":"https:\/\/areabadalona.com\/diario\/wp-json\/wp\/v2\/posts\/5092","targetHints":{"allow":["GET"]}}],"collection":[{"href":"https:\/\/areabadalona.com\/diario\/wp-json\/wp\/v2\/posts"}],"about":[{"href":"https:\/\/areabadalona.com\/diario\/wp-json\/wp\/v2\/types\/post"}],"author":[{"embeddable":true,"href":"https:\/\/areabadalona.com\/diario\/wp-json\/wp\/v2\/users\/2"}],"replies":[{"embeddable":true,"href":"https:\/\/areabadalona.com\/diario\/wp-json\/wp\/v2\/comments?post=5092"}],"version-history":[{"count":1,"href":"https:\/\/areabadalona.com\/diario\/wp-json\/wp\/v2\/posts\/5092\/revisions"}],"predecessor-version":[{"id":5094,"href":"https:\/\/areabadalona.com\/diario\/wp-json\/wp\/v2\/posts\/5092\/revisions\/5094"}],"wp:featuredmedia":[{"embeddable":true,"href":"https:\/\/areabadalona.com\/diario\/wp-json\/wp\/v2\/media\/5093"}],"wp:attachment":[{"href":"https:\/\/areabadalona.com\/diario\/wp-json\/wp\/v2\/media?parent=5092"}],"wp:term":[{"taxonomy":"category","embeddable":true,"href":"https:\/\/areabadalona.com\/diario\/wp-json\/wp\/v2\/categories?post=5092"},{"taxonomy":"post_tag","embeddable":true,"href":"https:\/\/areabadalona.com\/diario\/wp-json\/wp\/v2\/tags?post=5092"}],"curies":[{"name":"wp","href":"https:\/\/api.w.org\/{rel}","templated":true}]}}