{"id":5089,"date":"2023-03-30T09:26:23","date_gmt":"2023-03-30T09:26:23","guid":{"rendered":"https:\/\/areabadalona.com\/diario\/?p=5089"},"modified":"2023-03-30T09:26:23","modified_gmt":"2023-03-30T09:26:23","slug":"lajuntament-de-badalona-estudia-adherir-se-al-sistema-metropolita-de-motos-compartides","status":"publish","type":"post","link":"https:\/\/areabadalona.com\/diario\/2023\/03\/30\/lajuntament-de-badalona-estudia-adherir-se-al-sistema-metropolita-de-motos-compartides\/","title":{"rendered":"L\u2019Ajuntament de Badalona estudia adherir-se al sistema metropolit\u00e0 de motos compartides"},"content":{"rendered":"\n<p>L\u2019Ajuntament de Badalona vol adherir-se al sistema de motos compartides dels municipis metropolitans, un projecte coordinat per l\u2019\u00c0rea de Metropolitana de Barcelona que es preveu que comenci a funcionar el mes de juny de 2024. La regidora Cultura i Mobilitat, Anna Maria Lara, ha exposat aquesta voluntat aquest dimecres al mat\u00ed durant una reuni\u00f3 mantinguda amb representants de l\u2019\u00e0rea de Mobilitat de l\u2019AMB.&nbsp;<\/p>\n\n\n\n<p>El sistema metropolit\u00e0 de motos compartides funcionar\u00e0 mitjan\u00e7ant l\u2019atorgament de llic\u00e8ncies a operadores per tal de donar cobertura territorial a tot l\u2019\u00e0mbit metropolit\u00e0, incloent-hi Barcelona, i garantir tamb\u00e9 l\u2019acc\u00e9s al servei a tota la comarca del Barcelon\u00e8s Nord. Les llic\u00e8ncies estaran limitades i es preveu poder restringir la circulaci\u00f3 i l\u2019aparcament a determinades zones.&nbsp;<\/p>\n\n\n\n<p>L\u2019\u00c0rea Metropolitana de Barcelona t\u00e9 l\u2019objectiu de desplegar 10.000 motocicletes en una primera fase, de les quals 1.300 serien per a l\u2019\u00e0mbit del Barcelon\u00e8s Nord i 7.000 per a la ciutat de Barcelona. &nbsp;<\/p>\n\n\n\n<p>La regidora de Cultura i Mobilitat, Anna Maria Lara, ha manifestat que \u201ccreiem que el sistema metropolit\u00e0 de motos compartides \u00e9s un molt bon projecte per afavorir la mobilitat r\u00e0pida i sostenible. La ciutadania podr\u00e0 utilitzar aquestes motos per moure\u2019s per tota l\u2019\u00e0rea del Baix Bes\u00f2s o anar i tornar a Barcelona\u201d.&nbsp;<\/p>\n","protected":false},"excerpt":{"rendered":"<p>L\u2019Ajuntament de Badalona vol adherir-se al sistema de motos compartides dels municipis metropolitans, un projecte coordinat per l\u2019\u00c0rea de Metropolitana de Barcelona que es preveu que comenci a funcionar el mes de juny de 2024. La regidora Cultura i Mobilitat, Anna Maria Lara, ha exposat aquesta voluntat aquest dimecres al mat\u00ed durant una reuni\u00f3 mantinguda [&hellip;]<\/p>\n","protected":false},"author":2,"featured_media":5090,"comment_status":"open","ping_status":"open","sticky":false,"template":"","format":"standard","meta":{"footnotes":""},"categories":[23],"tags":[],"class_list":{"0":"post-5089","1":"post","2":"type-post","3":"status-publish","4":"format-standard","5":"has-post-thumbnail","7":"category-actualitat"},"_links":{"self":[{"href":"https:\/\/areabadalona.com\/diario\/wp-json\/wp\/v2\/posts\/5089","targetHints":{"allow":["GET"]}}],"collection":[{"href":"https:\/\/areabadalona.com\/diario\/wp-json\/wp\/v2\/posts"}],"about":[{"href":"https:\/\/areabadalona.com\/diario\/wp-json\/wp\/v2\/types\/post"}],"author":[{"embeddable":true,"href":"https:\/\/areabadalona.com\/diario\/wp-json\/wp\/v2\/users\/2"}],"replies":[{"embeddable":true,"href":"https:\/\/areabadalona.com\/diario\/wp-json\/wp\/v2\/comments?post=5089"}],"version-history":[{"count":1,"href":"https:\/\/areabadalona.com\/diario\/wp-json\/wp\/v2\/posts\/5089\/revisions"}],"predecessor-version":[{"id":5091,"href":"https:\/\/areabadalona.com\/diario\/wp-json\/wp\/v2\/posts\/5089\/revisions\/5091"}],"wp:featuredmedia":[{"embeddable":true,"href":"https:\/\/areabadalona.com\/diario\/wp-json\/wp\/v2\/media\/5090"}],"wp:attachment":[{"href":"https:\/\/areabadalona.com\/diario\/wp-json\/wp\/v2\/media?parent=5089"}],"wp:term":[{"taxonomy":"category","embeddable":true,"href":"https:\/\/areabadalona.com\/diario\/wp-json\/wp\/v2\/categories?post=5089"},{"taxonomy":"post_tag","embeddable":true,"href":"https:\/\/areabadalona.com\/diario\/wp-json\/wp\/v2\/tags?post=5089"}],"curies":[{"name":"wp","href":"https:\/\/api.w.org\/{rel}","templated":true}]}}