{"id":5086,"date":"2023-03-30T09:23:46","date_gmt":"2023-03-30T09:23:46","guid":{"rendered":"https:\/\/areabadalona.com\/diario\/?p=5086"},"modified":"2023-03-30T09:23:47","modified_gmt":"2023-03-30T09:23:47","slug":"presentacio-dels-nous-dispositius-electronics-que-permeten-a-la-guardia-urbana-de-badalona-la-tramitacio-instantania-de-les-denuncies","status":"publish","type":"post","link":"https:\/\/areabadalona.com\/diario\/2023\/03\/30\/presentacio-dels-nous-dispositius-electronics-que-permeten-a-la-guardia-urbana-de-badalona-la-tramitacio-instantania-de-les-denuncies\/","title":{"rendered":"Presentaci\u00f3 dels nous dispositius electr\u00f2nics que permeten a la Gu\u00e0rdia Urbana de Badalona la tramitaci\u00f3 instant\u00e0nia de les den\u00fancies\u00a0"},"content":{"rendered":"\n<p>La Gu\u00e0rdia Urbana de Badalona podr\u00e0 comen\u00e7ar a utilitzar els nous dispositius m\u00f2bils electr\u00f2nics per a tramitar les actes i imprimir en el mateix moment de la den\u00fancia el resguard amb una de les 70 impressores m\u00f2bils que l\u2019Ajuntament de Badalona ha adquirit per modernitzar aquest servei. &nbsp;<\/p>\n\n\n\n<p>El sis\u00e8 tinent d\u2019Alcaldia i regidor de l\u2019\u00c0mbit de Govern i Seguretat Ciutadana, Christian Carneado, ha presentat aquest migdia els nous dispositius electr\u00f2nics i les impressores m\u00f2bils per a modernitzar aquest servei. L\u2019acte ha tingut lloc al Punt d&#8217;informaci\u00f3 itinerant que la Gu\u00e0rdia Urbana ha instal\u00b7lat a l&#8217;avinguda del Marqu\u00e8s de Sant Mori amb el carrer de Proven\u00e7a al barri de Llefi\u00e0.&nbsp;<\/p>\n\n\n\n<p>Aquesta adquisici\u00f3 de material coincideix amb la incorporaci\u00f3 de set nous cotxes patrulles, quinze motocicletes, una furgoneta d\u2019intervenci\u00f3, quinze cotxes sense logotips, dues furgonetes de transport de personal, una furgoneta de transport de material i un vehicle tot terreny. Aquests vehicles s\u2019afegiran als vuit cotxes policials adaptats per fer les tasques de patrullatge i de trasllat de detinguts que es van comprar l\u2019any passat.&nbsp;<\/p>\n\n\n\n<p>El regidor de l\u2019\u00c0mbit de Govern i Seguretat Ciutadana, Christian Carneado, ha destacat que: \u201ctotes aquestes millores s\u00f3n la prova que des del Govern municipal prioritzem la seguretat de la nostra ciutat i demostra el ferm comprom\u00eds de modernitzar el cos de la Gu\u00e0rdia Urbana i dotar-lo de les eines necess\u00e0ries, incloses les millores tecnol\u00f2giques per convertir-la en una policia del segle XXI\u201d. Aquestes millores, ha afegit el regidor de Seguretat \u201cpermet als agents fer la seva feina amb major seguretat i comoditat i, a la vegada ,facilitar el servei que donen a tota la ciutadania\u201d.&nbsp;<\/p>\n","protected":false},"excerpt":{"rendered":"<p>La Gu\u00e0rdia Urbana de Badalona podr\u00e0 comen\u00e7ar a utilitzar els nous dispositius m\u00f2bils electr\u00f2nics per a tramitar les actes i imprimir en el mateix moment de la den\u00fancia el resguard amb una de les 70 impressores m\u00f2bils que l\u2019Ajuntament de Badalona ha adquirit per modernitzar aquest servei. &nbsp; El sis\u00e8 tinent d\u2019Alcaldia i regidor de [&hellip;]<\/p>\n","protected":false},"author":2,"featured_media":5087,"comment_status":"open","ping_status":"open","sticky":false,"template":"","format":"standard","meta":{"footnotes":""},"categories":[23],"tags":[],"class_list":{"0":"post-5086","1":"post","2":"type-post","3":"status-publish","4":"format-standard","5":"has-post-thumbnail","7":"category-actualitat"},"_links":{"self":[{"href":"https:\/\/areabadalona.com\/diario\/wp-json\/wp\/v2\/posts\/5086","targetHints":{"allow":["GET"]}}],"collection":[{"href":"https:\/\/areabadalona.com\/diario\/wp-json\/wp\/v2\/posts"}],"about":[{"href":"https:\/\/areabadalona.com\/diario\/wp-json\/wp\/v2\/types\/post"}],"author":[{"embeddable":true,"href":"https:\/\/areabadalona.com\/diario\/wp-json\/wp\/v2\/users\/2"}],"replies":[{"embeddable":true,"href":"https:\/\/areabadalona.com\/diario\/wp-json\/wp\/v2\/comments?post=5086"}],"version-history":[{"count":1,"href":"https:\/\/areabadalona.com\/diario\/wp-json\/wp\/v2\/posts\/5086\/revisions"}],"predecessor-version":[{"id":5088,"href":"https:\/\/areabadalona.com\/diario\/wp-json\/wp\/v2\/posts\/5086\/revisions\/5088"}],"wp:featuredmedia":[{"embeddable":true,"href":"https:\/\/areabadalona.com\/diario\/wp-json\/wp\/v2\/media\/5087"}],"wp:attachment":[{"href":"https:\/\/areabadalona.com\/diario\/wp-json\/wp\/v2\/media?parent=5086"}],"wp:term":[{"taxonomy":"category","embeddable":true,"href":"https:\/\/areabadalona.com\/diario\/wp-json\/wp\/v2\/categories?post=5086"},{"taxonomy":"post_tag","embeddable":true,"href":"https:\/\/areabadalona.com\/diario\/wp-json\/wp\/v2\/tags?post=5086"}],"curies":[{"name":"wp","href":"https:\/\/api.w.org\/{rel}","templated":true}]}}