{"id":5073,"date":"2023-03-28T18:17:00","date_gmt":"2023-03-28T18:17:00","guid":{"rendered":"https:\/\/areabadalona.com\/diario\/?p=5073"},"modified":"2023-03-29T08:18:56","modified_gmt":"2023-03-29T08:18:56","slug":"el-govern-municipal-es-personara-com-a-acusacio-popular-en-els-casos-dagressions-masclistes","status":"publish","type":"post","link":"https:\/\/areabadalona.com\/diario\/2023\/03\/28\/el-govern-municipal-es-personara-com-a-acusacio-popular-en-els-casos-dagressions-masclistes\/","title":{"rendered":"El Govern municipal es personar\u00e0 com a acusaci\u00f3 popular en els casos d&#8217;agressions masclistes"},"content":{"rendered":"\n<p>El Govern municipal ha mantingut aquest dimarts 28 de mar\u00e7 a la tarda una reuni\u00f3, programada des de fa dies, amb representants de l\u2019Hospital Universitari Germans Trias i Pujol, Gu\u00e0rdia Urbana, Mossos d\u2019Esquadra i Centre Comercial M\u00e0gic Badalona per abordar els casos que darrerament s&#8217;han conegut a la ciutat sobre agressions masclistes a menors i joves. &nbsp;<\/p>\n\n\n\n<p>La reuni\u00f3 d\u2019avui dona continu\u00eftat a altres trobades realitzades durant aquest mes de mar\u00e7 entre Generalitat de Catalunya, Ajuntament i cossos policials amb l\u2019objectiu de millorar els protocols de seguretat a l\u2019interior del centre comercial. En aquest sentit, ja s\u2019han establert una s\u00e8rie de mesures de seguretat, que afecten l\u2019interior i l\u2019exterior del recinte, com ara el patrullatge a peu d\u2019agents de Mossos d\u2019Esquadra i Gu\u00e0rdia Urbana.&nbsp;<\/p>\n\n\n\n<p>El Govern municipal condemna totes aquestes agressions masclistes que, malauradament, han tingut lloc a la nostra ciutat i manifesta tota la seva solidaritat i suport a les v\u00edctimes i al seu entorn m\u00e9s proper. &nbsp;<\/p>\n\n\n\n<p>Des del moment que s\u2019ha tingut coneixement d&#8217;aquests fets, s\u2019han activat els recursos municipals dels quals disposem i que podem posar al servei de les v\u00edctimes. Alhora, tamb\u00e9 s\u2019ha contactat amb els familiars de les v\u00edctimes per posar-nos a la seva disposici\u00f3 per tot all\u00f2 que puguin necessitar.&nbsp;<\/p>\n\n\n\n<p>El Govern municipal continua revisant, amb altres administracions, els protocols d&#8217;actuaci\u00f3 i intervenci\u00f3 per tal detectar i prevenir possibles nous casos als centres comercials i espais d\u2019oci de la ciutat.&nbsp;<\/p>\n\n\n\n<p>El Govern municipal mant\u00e9 la voluntat de que l\u2019Ajuntament es personi, en l\u2019exercici de l\u2019acusaci\u00f3 popular, per defensar aquests casos de v\u00edctimes d\u2019agressi\u00f3 sexual.&nbsp;<\/p>\n","protected":false},"excerpt":{"rendered":"<p>El Govern municipal ha mantingut aquest dimarts 28 de mar\u00e7 a la tarda una reuni\u00f3, programada des de fa dies, amb representants de l\u2019Hospital Universitari Germans Trias i Pujol, Gu\u00e0rdia Urbana, Mossos d\u2019Esquadra i Centre Comercial M\u00e0gic Badalona per abordar els casos que darrerament s&#8217;han conegut a la ciutat sobre agressions masclistes a menors i [&hellip;]<\/p>\n","protected":false},"author":2,"featured_media":5074,"comment_status":"open","ping_status":"open","sticky":false,"template":"","format":"standard","meta":{"footnotes":""},"categories":[23],"tags":[],"class_list":{"0":"post-5073","1":"post","2":"type-post","3":"status-publish","4":"format-standard","5":"has-post-thumbnail","7":"category-actualitat"},"_links":{"self":[{"href":"https:\/\/areabadalona.com\/diario\/wp-json\/wp\/v2\/posts\/5073","targetHints":{"allow":["GET"]}}],"collection":[{"href":"https:\/\/areabadalona.com\/diario\/wp-json\/wp\/v2\/posts"}],"about":[{"href":"https:\/\/areabadalona.com\/diario\/wp-json\/wp\/v2\/types\/post"}],"author":[{"embeddable":true,"href":"https:\/\/areabadalona.com\/diario\/wp-json\/wp\/v2\/users\/2"}],"replies":[{"embeddable":true,"href":"https:\/\/areabadalona.com\/diario\/wp-json\/wp\/v2\/comments?post=5073"}],"version-history":[{"count":1,"href":"https:\/\/areabadalona.com\/diario\/wp-json\/wp\/v2\/posts\/5073\/revisions"}],"predecessor-version":[{"id":5075,"href":"https:\/\/areabadalona.com\/diario\/wp-json\/wp\/v2\/posts\/5073\/revisions\/5075"}],"wp:featuredmedia":[{"embeddable":true,"href":"https:\/\/areabadalona.com\/diario\/wp-json\/wp\/v2\/media\/5074"}],"wp:attachment":[{"href":"https:\/\/areabadalona.com\/diario\/wp-json\/wp\/v2\/media?parent=5073"}],"wp:term":[{"taxonomy":"category","embeddable":true,"href":"https:\/\/areabadalona.com\/diario\/wp-json\/wp\/v2\/categories?post=5073"},{"taxonomy":"post_tag","embeddable":true,"href":"https:\/\/areabadalona.com\/diario\/wp-json\/wp\/v2\/tags?post=5073"}],"curies":[{"name":"wp","href":"https:\/\/api.w.org\/{rel}","templated":true}]}}