{"id":5070,"date":"2023-03-27T16:42:47","date_gmt":"2023-03-27T16:42:47","guid":{"rendered":"https:\/\/areabadalona.com\/diario\/?p=5070"},"modified":"2023-03-27T16:42:47","modified_gmt":"2023-03-27T16:42:47","slug":"tercera-jornada-del-cicle-de-debats-sobre-seguretat-al-transport-public-de-tusgsal","status":"publish","type":"post","link":"https:\/\/areabadalona.com\/diario\/2023\/03\/27\/tercera-jornada-del-cicle-de-debats-sobre-seguretat-al-transport-public-de-tusgsal\/","title":{"rendered":"Tercera jornada del cicle de debats sobre seguretat al transport p\u00fablic de Tusgsal"},"content":{"rendered":"\n<p>Aquest proper dijous, 30 de mar\u00e7, es dur\u00e0 a terme a Badalona la tercera sessi\u00f3 del cicle de debats sobre \u00abSeguretat i transport p\u00fablic. Qualitat, seguretat i conviv\u00e8ncia\u00bb organitzat per Tusgsal Direxis i la Fundaci\u00f3 per a la Seguretat P\u00fablica. L\u2019acte tindr\u00e0 lloc a l\u2019Hotel Marina Badalona (Av. Eduard Maristany, 227) a partir de les 9.30 hores i tindr\u00e0 com a tema principal el transport p\u00fablic, espai de conviv\u00e8ncia.<\/p>\n","protected":false},"excerpt":{"rendered":"<p>Aquest proper dijous, 30 de mar\u00e7, es dur\u00e0 a terme a Badalona la tercera sessi\u00f3 del cicle de debats sobre \u00abSeguretat i transport p\u00fablic. Qualitat, seguretat i conviv\u00e8ncia\u00bb organitzat per Tusgsal Direxis i la Fundaci\u00f3 per a la Seguretat P\u00fablica. L\u2019acte tindr\u00e0 lloc a l\u2019Hotel Marina Badalona (Av. Eduard Maristany, 227) a partir de les [&hellip;]<\/p>\n","protected":false},"author":2,"featured_media":5071,"comment_status":"open","ping_status":"open","sticky":false,"template":"","format":"standard","meta":{"footnotes":""},"categories":[23],"tags":[],"class_list":{"0":"post-5070","1":"post","2":"type-post","3":"status-publish","4":"format-standard","5":"has-post-thumbnail","7":"category-actualitat"},"_links":{"self":[{"href":"https:\/\/areabadalona.com\/diario\/wp-json\/wp\/v2\/posts\/5070","targetHints":{"allow":["GET"]}}],"collection":[{"href":"https:\/\/areabadalona.com\/diario\/wp-json\/wp\/v2\/posts"}],"about":[{"href":"https:\/\/areabadalona.com\/diario\/wp-json\/wp\/v2\/types\/post"}],"author":[{"embeddable":true,"href":"https:\/\/areabadalona.com\/diario\/wp-json\/wp\/v2\/users\/2"}],"replies":[{"embeddable":true,"href":"https:\/\/areabadalona.com\/diario\/wp-json\/wp\/v2\/comments?post=5070"}],"version-history":[{"count":1,"href":"https:\/\/areabadalona.com\/diario\/wp-json\/wp\/v2\/posts\/5070\/revisions"}],"predecessor-version":[{"id":5072,"href":"https:\/\/areabadalona.com\/diario\/wp-json\/wp\/v2\/posts\/5070\/revisions\/5072"}],"wp:featuredmedia":[{"embeddable":true,"href":"https:\/\/areabadalona.com\/diario\/wp-json\/wp\/v2\/media\/5071"}],"wp:attachment":[{"href":"https:\/\/areabadalona.com\/diario\/wp-json\/wp\/v2\/media?parent=5070"}],"wp:term":[{"taxonomy":"category","embeddable":true,"href":"https:\/\/areabadalona.com\/diario\/wp-json\/wp\/v2\/categories?post=5070"},{"taxonomy":"post_tag","embeddable":true,"href":"https:\/\/areabadalona.com\/diario\/wp-json\/wp\/v2\/tags?post=5070"}],"curies":[{"name":"wp","href":"https:\/\/api.w.org\/{rel}","templated":true}]}}