{"id":5064,"date":"2023-03-27T14:17:11","date_gmt":"2023-03-27T14:17:11","guid":{"rendered":"https:\/\/areabadalona.com\/diario\/?p=5064"},"modified":"2023-03-27T14:17:12","modified_gmt":"2023-03-27T14:17:12","slug":"el-dijous-30-de-marc-torna-la-nit-de-lesport-de-badalona","status":"publish","type":"post","link":"https:\/\/areabadalona.com\/diario\/2023\/03\/27\/el-dijous-30-de-marc-torna-la-nit-de-lesport-de-badalona\/","title":{"rendered":"El dijous 30 de mar\u00e7 torna la Nit de l\u2019Esport de Badalona\u00a0"},"content":{"rendered":"\n<p>La Nit de l\u2019Esport de Badalona torna aquest 2023. La cita ser\u00e0 aquest <strong>dimecres 30 de mar\u00e7, a partir de les 19 hores<\/strong>, a l\u2019Espai Titus (carrer de Ramon Mart\u00ed i Alsina, 44). L\u2019Ajuntament de Badalona repr\u00e8n aquesta celebraci\u00f3 despr\u00e9s de gaireb\u00e9 20 anys i amb la intenci\u00f3 de consolidar-la com la trobada anual de la gent de l\u2019esport de la ciutat.&nbsp;<\/p>\n\n\n\n<p>Es tracta d\u2019una celebraci\u00f3 en qu\u00e8 es far\u00e0 un reconeixement als i les esportistes, equips, clubs, directives, entrenadors i entrenadores que han tingut una actuaci\u00f3 destacada durant la temporada esportiva 2021-2022. Hi haur\u00e0 lliurament de premis i tamb\u00e9 es faran mencions especials.&nbsp;<\/p>\n\n\n\n<p>El presentador de l\u2019acte ser\u00e0 Aleix Paris\u00e9, periodista esportiu a 8TV i RAC1. S\u2019han confirmat tamb\u00e9 les actuacions del guanyador de Got Talent Espanya 2022, el mag Jordi Caps, i la companyia internacional de hip hop, dansa i cultura urbana, els Brodas Bros.&nbsp;<\/p>\n\n\n\n<p>La quarta tinenta d\u2019Alcaldia i regidora de l\u2019\u00c0mbit de Territori, Habitatge, Esports i Salut, Teresa Gonz\u00e1lez, ha explicat: \u201cLa intenci\u00f3 de la Nit de l\u2019Esport \u00e9s aplegar en una gran festa la gent de l\u2019esport de Badalona i les seves fam\u00edlies perqu\u00e8 tothom passi una vetllada agradable, i homenatjar els \u00e8xits dels esportistes de la ciutat durant la temporada passada\u201d.&nbsp;<\/p>\n\n\n\n<p>Per assistir a la Nit de l\u2019Esport de Badalona cal reservar invitaci\u00f3 mitjan\u00e7ant correu electr\u00f2nic: <a>esports@badalona.cat<\/a>&nbsp;<\/p>\n","protected":false},"excerpt":{"rendered":"<p>La Nit de l\u2019Esport de Badalona torna aquest 2023. La cita ser\u00e0 aquest dimecres 30 de mar\u00e7, a partir de les 19 hores, a l\u2019Espai Titus (carrer de Ramon Mart\u00ed i Alsina, 44). L\u2019Ajuntament de Badalona repr\u00e8n aquesta celebraci\u00f3 despr\u00e9s de gaireb\u00e9 20 anys i amb la intenci\u00f3 de consolidar-la com la trobada anual de [&hellip;]<\/p>\n","protected":false},"author":2,"featured_media":5065,"comment_status":"open","ping_status":"open","sticky":false,"template":"","format":"standard","meta":{"footnotes":""},"categories":[23,26],"tags":[],"class_list":{"0":"post-5064","1":"post","2":"type-post","3":"status-publish","4":"format-standard","5":"has-post-thumbnail","7":"category-actualitat","8":"category-esports"},"_links":{"self":[{"href":"https:\/\/areabadalona.com\/diario\/wp-json\/wp\/v2\/posts\/5064","targetHints":{"allow":["GET"]}}],"collection":[{"href":"https:\/\/areabadalona.com\/diario\/wp-json\/wp\/v2\/posts"}],"about":[{"href":"https:\/\/areabadalona.com\/diario\/wp-json\/wp\/v2\/types\/post"}],"author":[{"embeddable":true,"href":"https:\/\/areabadalona.com\/diario\/wp-json\/wp\/v2\/users\/2"}],"replies":[{"embeddable":true,"href":"https:\/\/areabadalona.com\/diario\/wp-json\/wp\/v2\/comments?post=5064"}],"version-history":[{"count":1,"href":"https:\/\/areabadalona.com\/diario\/wp-json\/wp\/v2\/posts\/5064\/revisions"}],"predecessor-version":[{"id":5066,"href":"https:\/\/areabadalona.com\/diario\/wp-json\/wp\/v2\/posts\/5064\/revisions\/5066"}],"wp:featuredmedia":[{"embeddable":true,"href":"https:\/\/areabadalona.com\/diario\/wp-json\/wp\/v2\/media\/5065"}],"wp:attachment":[{"href":"https:\/\/areabadalona.com\/diario\/wp-json\/wp\/v2\/media?parent=5064"}],"wp:term":[{"taxonomy":"category","embeddable":true,"href":"https:\/\/areabadalona.com\/diario\/wp-json\/wp\/v2\/categories?post=5064"},{"taxonomy":"post_tag","embeddable":true,"href":"https:\/\/areabadalona.com\/diario\/wp-json\/wp\/v2\/tags?post=5064"}],"curies":[{"name":"wp","href":"https:\/\/api.w.org\/{rel}","templated":true}]}}