{"id":5061,"date":"2023-03-27T14:15:11","date_gmt":"2023-03-27T14:15:11","guid":{"rendered":"https:\/\/areabadalona.com\/diario\/?p=5061"},"modified":"2023-03-27T14:15:11","modified_gmt":"2023-03-27T14:15:11","slug":"lalcalde-de-badalona-ruben-guijarro-i-la-presidenta-de-la-diputacio-de-barcelona-nuria-marin-visiten-el-poliesportiu-de-llefia-recentment-remodelat","status":"publish","type":"post","link":"https:\/\/areabadalona.com\/diario\/2023\/03\/27\/lalcalde-de-badalona-ruben-guijarro-i-la-presidenta-de-la-diputacio-de-barcelona-nuria-marin-visiten-el-poliesportiu-de-llefia-recentment-remodelat\/","title":{"rendered":"L\u2019alcalde de Badalona, Rub\u00e9n Guijarro, i la presidenta de la Diputaci\u00f3 de Barcelona, N\u00faria Mar\u00edn, visiten el poliesportiu de Llefi\u00e0 recentment remodelat\u00a0"},"content":{"rendered":"\n<p>L\u2019alcalde de Badalona, Rub\u00e9n Guijarro, i la presidenta de la Diputaci\u00f3 de Barcelona, N\u00faria Mar\u00edn, han visitat aquest migdia el poliesportiu de Llefi\u00e0, una vegada finalitzades les obres de millores i adequaci\u00f3 que s\u2019han portat a terme en aquesta instal\u00b7laci\u00f3. &nbsp;<\/p>\n\n\n\n<p>Aquest poliesportiu ha estat la primera de les sis instal\u00b7lacions esportives de la ciutat que ha finalitzat la seva remodelaci\u00f3 i posada a punt perqu\u00e8 va ser el lloc que va acollir la Minicopa Endesa, competici\u00f3 infantil paral\u00b7lela a la Copa del Rei de b\u00e0squet que es va celebrar a Badalona. &nbsp;<\/p>\n\n\n\n<p>Coincidint amb la celebraci\u00f3 de la Copa ACB a la ciutat, l\u2019Ajuntament de Badalona va projectar la reforma integral dels poliesportius de Llefi\u00e0; Bufal\u00e0; Joaquim Blume; Montigal\u00e0; Casagemes-Albert Esteve i La Plana, amb una inversi\u00f3 global de 3,4 milions d\u2019euros dels quals la Diputaci\u00f3 de Barcelona ha aportat 1,5 milions, despr\u00e9s de l\u2019acord signat el passat mes de juliol entre l\u2019alcalde de Badalona, Rub\u00e9n Guijarro, i la diputada adjunta a l\u2019\u00c0rea de Presid\u00e8ncia de la Diputaci\u00f3 de Barcelona, Pilar D\u00edaz.&nbsp;<\/p>\n\n\n\n<p>El poliesportiu de Llefi\u00e0 ha rebut una inversi\u00f3 d\u20191,02 milions d\u2019euros que s\u2019han destinat a les actuacions a les fa\u00e7anes i les cobertes; adquisici\u00f3 de nou equipament; millora de les instal\u00b7lacions (il\u00b7luminaci\u00f3 i sistemes de sanejament) i actuacions interiors com la remodelaci\u00f3 dels vestidors i dels banys p\u00fablics, incorporant espais adaptats per a persones amb mobilitat redu\u00efda.&nbsp;<\/p>\n\n\n\n<p><strong>Finalitzaci\u00f3 de les obres a cinc poliesportius municipals&nbsp;<\/strong><\/p>\n\n\n\n<p>L\u2019alcalde de Badalona, Rub\u00e9n Guijarro, ha destacat que: \u201cdespr\u00e9s d\u2019una d\u00e8cada de mancances d\u2019inversi\u00f3 als equipaments esportius, l\u2019impuls de la Copa del Rei i l\u2018ajut de la Diputaci\u00f3 est\u00e0 servint per a revertir aquesta situaci\u00f3 i el poliesportiu de Llefi\u00e0 n\u2019\u00e9s el primer exemple\u201d. L\u2019alcalde ha afegit que, d\u2019acord amb les entitats esportives, \u201cestem treballant per, sense haver d\u2019aturar l\u2019activitat , acabar aquesta mateixa temporada les obres pendents que s\u2019estan portant a terme als altres 5 poliesportius\u201d.&nbsp;<\/p>\n\n\n\n<p>Per la seva banda, la presidenta de la Diputaci\u00f3 de Barcelona, N\u00faria Mar\u00edn, s\u2019ha mostrat molt satisfeta pel resultat de la inversi\u00f3 i ha afegit que: \u201chem de donar suport als municipis, no nom\u00e9s en la posada en marxa de nous equipaments, sin\u00f3 en el manteniment i en l\u2019actualitzaci\u00f3 dels que ja fa molts anys que funcionen\u201d. En aquest sentit, ha remarcat que en les noves actuacions es tenen en compte criteris de sostenibilitat ambiental, de reducci\u00f3 del consum i d\u2019altres millores no contemplades en els projectes inicials de fa molts anys d\u2019aquests equipaments.&nbsp;<\/p>\n\n\n\n<p>Han acompanyat l\u2019alcalde i la presidenta de la Diputaci\u00f3, la quarta tinenta d\u2019alcaldia i regidora de l\u2019\u00c0mbit de Territori, Habitatge, Esports i Salut, Teresa Gonz\u00e1lez; i la regidora del Districte 4, Araceli Cruz, entre altres regidors i regidores.&nbsp;<\/p>\n","protected":false},"excerpt":{"rendered":"<p>L\u2019alcalde de Badalona, Rub\u00e9n Guijarro, i la presidenta de la Diputaci\u00f3 de Barcelona, N\u00faria Mar\u00edn, han visitat aquest migdia el poliesportiu de Llefi\u00e0, una vegada finalitzades les obres de millores i adequaci\u00f3 que s\u2019han portat a terme en aquesta instal\u00b7laci\u00f3. &nbsp; Aquest poliesportiu ha estat la primera de les sis instal\u00b7lacions esportives de la ciutat [&hellip;]<\/p>\n","protected":false},"author":2,"featured_media":5062,"comment_status":"open","ping_status":"open","sticky":false,"template":"","format":"standard","meta":{"footnotes":""},"categories":[23],"tags":[],"class_list":{"0":"post-5061","1":"post","2":"type-post","3":"status-publish","4":"format-standard","5":"has-post-thumbnail","7":"category-actualitat"},"_links":{"self":[{"href":"https:\/\/areabadalona.com\/diario\/wp-json\/wp\/v2\/posts\/5061","targetHints":{"allow":["GET"]}}],"collection":[{"href":"https:\/\/areabadalona.com\/diario\/wp-json\/wp\/v2\/posts"}],"about":[{"href":"https:\/\/areabadalona.com\/diario\/wp-json\/wp\/v2\/types\/post"}],"author":[{"embeddable":true,"href":"https:\/\/areabadalona.com\/diario\/wp-json\/wp\/v2\/users\/2"}],"replies":[{"embeddable":true,"href":"https:\/\/areabadalona.com\/diario\/wp-json\/wp\/v2\/comments?post=5061"}],"version-history":[{"count":1,"href":"https:\/\/areabadalona.com\/diario\/wp-json\/wp\/v2\/posts\/5061\/revisions"}],"predecessor-version":[{"id":5063,"href":"https:\/\/areabadalona.com\/diario\/wp-json\/wp\/v2\/posts\/5061\/revisions\/5063"}],"wp:featuredmedia":[{"embeddable":true,"href":"https:\/\/areabadalona.com\/diario\/wp-json\/wp\/v2\/media\/5062"}],"wp:attachment":[{"href":"https:\/\/areabadalona.com\/diario\/wp-json\/wp\/v2\/media?parent=5061"}],"wp:term":[{"taxonomy":"category","embeddable":true,"href":"https:\/\/areabadalona.com\/diario\/wp-json\/wp\/v2\/categories?post=5061"},{"taxonomy":"post_tag","embeddable":true,"href":"https:\/\/areabadalona.com\/diario\/wp-json\/wp\/v2\/tags?post=5061"}],"curies":[{"name":"wp","href":"https:\/\/api.w.org\/{rel}","templated":true}]}}