{"id":5057,"date":"2023-03-27T11:32:07","date_gmt":"2023-03-27T11:32:07","guid":{"rendered":"https:\/\/areabadalona.com\/diario\/?p=5057"},"modified":"2023-03-27T11:32:07","modified_gmt":"2023-03-27T11:32:07","slug":"una-jove-estudiant-de-badalona-aconsegueix-la-medalla-de-bronze-en-els-neurotalent-games","status":"publish","type":"post","link":"https:\/\/areabadalona.com\/diario\/2023\/03\/27\/una-jove-estudiant-de-badalona-aconsegueix-la-medalla-de-bronze-en-els-neurotalent-games\/","title":{"rendered":"Una jove estudiant de Badalona aconsegueix la medalla de bronze en els Neurotalent Games"},"content":{"rendered":"\n<p>Claudia Goenaga, estudiant de 1r d&#8217;ESO al centre Lestonnac de Tarragona, ha estat la guanyadora de la primera edici\u00f3 dels Neurotalent Games, una iniciativa de la Fundaci\u00f3 Rosa Maria Vivar que t\u00e9 com a objectiu sensibilitzar sobre la import\u00e0ncia d&#8217;entrenar les capacitats neuropl\u00e0stiques durant totes les etapes de la vida per fer front a l&#8217;envelliment natural del cervell i a malalties neurodegeneratives com l&#8217;Alzheimer.<\/p>\n\n\n\n<p>La jove estudiant ha estat la millor de 5.300 participants i en la jornada del cap de setmana ha aconseguit superar a&nbsp; 32 finalistes de tota Catalunya despr\u00e9s de realitzar exercicis en els quals han hagut de<strong>&nbsp;relacionar seq\u00fc\u00e8ncies d&#8217;imatges i s&#8217;han enfrontat, per exemple, a una retenci\u00f3 auditiva de paraules sense connexi\u00f3, al mateix temps que posaven a prova la seva capacitat de concentraci\u00f3.<\/strong><\/p>\n\n\n\n<p>La segona classificada ha estat la tamb\u00e9 tarragonina Mar Rodr\u00edguez Garc\u00eda de l&#8217;Institut de l&#8217;Arbo\u00e7 (l\u2019Arbo\u00e7-Tarragona) i el tercer lloc ha sigut per Amanda Roque, estudiant de l&#8217;Institut Ventura Gassol de Badalona.<\/p>\n\n\n\n<div><a href=\"https:\/\/areabadalona.com\/diario\/wp-content\/uploads\/2023\/03\/Les-3-guanyadores-1024x683.jpg\" class=\"td-modal-image\"><figure class=\"wp-block-image size-large\"><img loading=\"lazy\" decoding=\"async\" width=\"1024\" height=\"683\" src=\"https:\/\/areabadalona.com\/diario\/wp-content\/uploads\/2023\/03\/Les-3-guanyadores-1024x683.jpg\" alt=\"\" class=\"wp-image-5058\" srcset=\"https:\/\/areabadalona.com\/diario\/wp-content\/uploads\/2023\/03\/Les-3-guanyadores-1024x683.jpg 1024w, https:\/\/areabadalona.com\/diario\/wp-content\/uploads\/2023\/03\/Les-3-guanyadores-300x200.jpg 300w, https:\/\/areabadalona.com\/diario\/wp-content\/uploads\/2023\/03\/Les-3-guanyadores-768x512.jpg 768w, https:\/\/areabadalona.com\/diario\/wp-content\/uploads\/2023\/03\/Les-3-guanyadores-150x100.jpg 150w, https:\/\/areabadalona.com\/diario\/wp-content\/uploads\/2023\/03\/Les-3-guanyadores-696x464.jpg 696w, https:\/\/areabadalona.com\/diario\/wp-content\/uploads\/2023\/03\/Les-3-guanyadores-1068x712.jpg 1068w, https:\/\/areabadalona.com\/diario\/wp-content\/uploads\/2023\/03\/Les-3-guanyadores.jpg 1200w\" sizes=\"auto, (max-width: 1024px) 100vw, 1024px\" \/><\/figure><\/a><\/div>\n\n\n\n<p>La Fundaci\u00f3 Rosa Mar\u00eda Vivar, dedicada a impulsar projectes que contribueixin a crear coneixement i a sensibilitzar sobre l&#8217;Alzheimer, ha posat en marxa aquesta iniciativa amb el suport de l&#8217;Institut de Neuroci\u00e8ncies de la Universitat Aut\u00f2noma de Barcelona (INc-UAB) i de la conselleria d&#8217;Educaci\u00f3 de la Generalitat de Catalunya, aix\u00ed com la col\u00b7laboraci\u00f3 de la Fundaci\u00f3 La Caixa.<\/p>\n\n\n\n<p>La mem\u00f2ria \u00e9s un proc\u00e9s possible gr\u00e0cies a la capacitat neuropl\u00e0stica del cervell, que \u00e9s la qualitat que permet a les neurones regenerar-se tan anat\u00f2mica com funcionalment. Aquesta capacitat disminueix amb l&#8217;edat. Per aquest motiu, la comunitat cient\u00edfica recomana treballar la mem\u00f2ria en totes les franges d&#8217;edat per disposar en la vellesa d&#8217;una millor reserva cognitiva com a mida preventiva per millorar la qualitat de vida de les persones grans.<\/p>\n\n\n\n<p>Segons els experts, l\u2019adolesc\u00e8ncia \u00e9s un moment determinant en la maduraci\u00f3 d&#8217;alguns processos i regions cerebrals, motiu pel qual \u00e9s important treballar les funcions cognitives. A 1r d\u2019ESO, la mem\u00f2ria declarativa (la de les dades i la seva relaci\u00f3) t\u00e9 ja un bon punt de maduresa, per\u00f2 altres capacitats encara no s&#8217;han desenvolupat completament.<\/p>\n\n\n\n<p>\u201c<em>Els Neurotalent Games tenen com a finalitat que els joves estudiants, les seves fam\u00edlies i el professorat siguin conscients de la import\u00e0ncia de l&#8217;entrenament cognitiu, ja que promou una bona salut cerebral i contribuir\u00e0 a un envelliment saludable futur\u201d, afirma <\/em><strong>Margarita Oliva, presidenta de la Fundaci\u00f3 Rosa Mar\u00eda Vivar.<\/strong> En el marc dels Neurotalent Games tamb\u00e9 s\u2019ha fet formaci\u00f3 a 500 professors.<\/p>\n\n\n\n<p>Els resultats d\u2019aquesta primera edici\u00f3 serviran per posar en marxa un estudi per con\u00e8ixer millor com s\u00f3n els processos cognitius associats a la mem\u00f2ria com l\u2019atenci\u00f3, la percepci\u00f3, la categoritzaci\u00f3, l\u2019esquematitzaci\u00f3, la consci\u00e8ncia i la meta mem\u00f2ria.<\/p>\n\n\n\n<p>La Fundaci\u00f3 Rosa Mar\u00eda Vivar, amb seu a la ciutat de Reus i \u00e0mbit d&#8217;actuaci\u00f3 catal\u00e0, va n\u00e9ixer de la iniciativa de la fam\u00edlia Oliva Vivar. L&#8217;entitat treballa per millorar la vida de les persones que pateixen Alzheimer, no des de la perspectiva assistencial sin\u00f3 en la creaci\u00f3 d&#8217;iniciatives i projectes estrat\u00e8gics, aix\u00ed com en facilitar la transfer\u00e8ncia de coneixement sobre la malaltia com a element transformador.<\/p>\n","protected":false},"excerpt":{"rendered":"<p>Claudia Goenaga, estudiant de 1r d&#8217;ESO al centre Lestonnac de Tarragona, ha estat la guanyadora de la primera edici\u00f3 dels Neurotalent Games, una iniciativa de la Fundaci\u00f3 Rosa Maria Vivar que t\u00e9 com a objectiu sensibilitzar sobre la import\u00e0ncia d&#8217;entrenar les capacitats neuropl\u00e0stiques durant totes les etapes de la vida per fer front a l&#8217;envelliment [&hellip;]<\/p>\n","protected":false},"author":2,"featured_media":5059,"comment_status":"open","ping_status":"open","sticky":false,"template":"","format":"standard","meta":{"footnotes":""},"categories":[23],"tags":[],"class_list":{"0":"post-5057","1":"post","2":"type-post","3":"status-publish","4":"format-standard","5":"has-post-thumbnail","7":"category-actualitat"},"_links":{"self":[{"href":"https:\/\/areabadalona.com\/diario\/wp-json\/wp\/v2\/posts\/5057","targetHints":{"allow":["GET"]}}],"collection":[{"href":"https:\/\/areabadalona.com\/diario\/wp-json\/wp\/v2\/posts"}],"about":[{"href":"https:\/\/areabadalona.com\/diario\/wp-json\/wp\/v2\/types\/post"}],"author":[{"embeddable":true,"href":"https:\/\/areabadalona.com\/diario\/wp-json\/wp\/v2\/users\/2"}],"replies":[{"embeddable":true,"href":"https:\/\/areabadalona.com\/diario\/wp-json\/wp\/v2\/comments?post=5057"}],"version-history":[{"count":1,"href":"https:\/\/areabadalona.com\/diario\/wp-json\/wp\/v2\/posts\/5057\/revisions"}],"predecessor-version":[{"id":5060,"href":"https:\/\/areabadalona.com\/diario\/wp-json\/wp\/v2\/posts\/5057\/revisions\/5060"}],"wp:featuredmedia":[{"embeddable":true,"href":"https:\/\/areabadalona.com\/diario\/wp-json\/wp\/v2\/media\/5059"}],"wp:attachment":[{"href":"https:\/\/areabadalona.com\/diario\/wp-json\/wp\/v2\/media?parent=5057"}],"wp:term":[{"taxonomy":"category","embeddable":true,"href":"https:\/\/areabadalona.com\/diario\/wp-json\/wp\/v2\/categories?post=5057"},{"taxonomy":"post_tag","embeddable":true,"href":"https:\/\/areabadalona.com\/diario\/wp-json\/wp\/v2\/tags?post=5057"}],"curies":[{"name":"wp","href":"https:\/\/api.w.org\/{rel}","templated":true}]}}