{"id":5054,"date":"2023-03-27T09:27:43","date_gmt":"2023-03-27T09:27:43","guid":{"rendered":"https:\/\/areabadalona.com\/diario\/?p=5054"},"modified":"2023-03-27T09:27:43","modified_gmt":"2023-03-27T09:27:43","slug":"el-centre-civic-la-salut-de-badalona-acull-aquest-dimarts-lobre-de-teatre-que-posa-punt-final-al-laboratori-per-la-convivencia","status":"publish","type":"post","link":"https:\/\/areabadalona.com\/diario\/2023\/03\/27\/el-centre-civic-la-salut-de-badalona-acull-aquest-dimarts-lobre-de-teatre-que-posa-punt-final-al-laboratori-per-la-convivencia\/","title":{"rendered":"El Centre C\u00edvic La Salut de Badalona acull aquest dimarts l\u2019obre de teatre que posa punt final al Laboratori per la conviv\u00e8ncia\u00a0"},"content":{"rendered":"\n<p>Aquest <strong>dimarts, 28 de mar\u00e7<\/strong> es representar\u00e0 al Centre C\u00edvic de La Salut (avinguda del Marqu\u00e8s de Sant Mori, 180) l\u2019obra de teatre final del treball realitzat en el Laboratori per la conviv\u00e8ncia, una proposta participativa i creativa basada en el teatre de l\u2019oprimit impulsada des del Servei de Mediaci\u00f3 de l\u2019Ajuntament de Badalona dins del projecte de \u201cPosem colors a La Salut\u201d del programa de \u201cBarris i Comunitats: motors de transformaci\u00f3 social\u201d de la Diputaci\u00f3 de Barcelona.&nbsp;<\/p>\n\n\n\n<p>Un dels objectius de la proposta era treballar amb els i les participants sobre tem\u00e0tiques recurrents del barri de La Salut com ara la diversitat cultural, la conviv\u00e8ncia ve\u00efnal, la sol\u00b7licitud no desitjada, les discriminacions, o l\u2019autoestima del barri, entre altres.&nbsp;<\/p>\n\n\n\n<p>La representaci\u00f3 final de l\u2019obra, on es promour\u00e0 la reflexi\u00f3 entorn dels conflictes i discriminacions, es dur\u00e0 a terme en format de teatre f\u00f2rum i tindr\u00e0 l\u2019estructura d\u2019un esdeveniment interactiu amb la comunitat, on el p\u00fablic podr\u00e0 participar i compartir.&nbsp;<\/p>\n\n\n\n<p>La representaci\u00f3 es far\u00e0 en dues franges hor\u00e0ries diferents: una de 12 a 14 hores destinada exclusivament per als i les alumnes dels instituts, i una segona de 18 a 20 hores, obert a tota la ciutadania i a les entitats.&nbsp;<\/p>\n","protected":false},"excerpt":{"rendered":"<p>Aquest dimarts, 28 de mar\u00e7 es representar\u00e0 al Centre C\u00edvic de La Salut (avinguda del Marqu\u00e8s de Sant Mori, 180) l\u2019obra de teatre final del treball realitzat en el Laboratori per la conviv\u00e8ncia, una proposta participativa i creativa basada en el teatre de l\u2019oprimit impulsada des del Servei de Mediaci\u00f3 de l\u2019Ajuntament de Badalona dins [&hellip;]<\/p>\n","protected":false},"author":2,"featured_media":5055,"comment_status":"open","ping_status":"open","sticky":false,"template":"","format":"standard","meta":{"footnotes":""},"categories":[23,25],"tags":[],"class_list":{"0":"post-5054","1":"post","2":"type-post","3":"status-publish","4":"format-standard","5":"has-post-thumbnail","7":"category-actualitat","8":"category-cultura"},"_links":{"self":[{"href":"https:\/\/areabadalona.com\/diario\/wp-json\/wp\/v2\/posts\/5054","targetHints":{"allow":["GET"]}}],"collection":[{"href":"https:\/\/areabadalona.com\/diario\/wp-json\/wp\/v2\/posts"}],"about":[{"href":"https:\/\/areabadalona.com\/diario\/wp-json\/wp\/v2\/types\/post"}],"author":[{"embeddable":true,"href":"https:\/\/areabadalona.com\/diario\/wp-json\/wp\/v2\/users\/2"}],"replies":[{"embeddable":true,"href":"https:\/\/areabadalona.com\/diario\/wp-json\/wp\/v2\/comments?post=5054"}],"version-history":[{"count":1,"href":"https:\/\/areabadalona.com\/diario\/wp-json\/wp\/v2\/posts\/5054\/revisions"}],"predecessor-version":[{"id":5056,"href":"https:\/\/areabadalona.com\/diario\/wp-json\/wp\/v2\/posts\/5054\/revisions\/5056"}],"wp:featuredmedia":[{"embeddable":true,"href":"https:\/\/areabadalona.com\/diario\/wp-json\/wp\/v2\/media\/5055"}],"wp:attachment":[{"href":"https:\/\/areabadalona.com\/diario\/wp-json\/wp\/v2\/media?parent=5054"}],"wp:term":[{"taxonomy":"category","embeddable":true,"href":"https:\/\/areabadalona.com\/diario\/wp-json\/wp\/v2\/categories?post=5054"},{"taxonomy":"post_tag","embeddable":true,"href":"https:\/\/areabadalona.com\/diario\/wp-json\/wp\/v2\/tags?post=5054"}],"curies":[{"name":"wp","href":"https:\/\/api.w.org\/{rel}","templated":true}]}}