{"id":5051,"date":"2023-03-25T08:30:53","date_gmt":"2023-03-25T08:30:53","guid":{"rendered":"https:\/\/areabadalona.com\/diario\/?p=5051"},"modified":"2023-03-27T09:25:23","modified_gmt":"2023-03-27T09:25:23","slug":"la-fundacio-roca-i-pi-col%c2%b7labora-amb-una-trentena-dentitats-socials-per-atendre-a-mes-de-14-000-persones-de-lentorn-de-badalona","status":"publish","type":"post","link":"https:\/\/areabadalona.com\/diario\/2023\/03\/25\/la-fundacio-roca-i-pi-col%c2%b7labora-amb-una-trentena-dentitats-socials-per-atendre-a-mes-de-14-000-persones-de-lentorn-de-badalona\/","title":{"rendered":"<strong><u>La Fundaci\u00f3 Roca i Pi col\u00b7labora amb una trentena d\u2019entitats socials per atendre a m\u00e9s de 14.000 persones de l\u2019entorn de Badalona<\/u><\/strong>"},"content":{"rendered":"\n<p>La Fundaci\u00f3 Llegat Roca i Pi ha signat el 24 de mar\u00e7 nous convenis de col\u00b7laboraci\u00f3 amb 30 entitats socials i 11 parr\u00f2quies, principalment de Badalona, amb l\u2019objectiu de contribuir a <strong>l\u2019acompanyament que fan a persones i fam\u00edlies en risc d\u2019exclusi\u00f3 social.<\/strong><\/p>\n\n\n\n<p>La col\u00b7laboraci\u00f3 es realitza en el marc d\u2019un <strong>Programa de convenis<\/strong> que concreta aportacions econ\u00f2miques de la Fundaci\u00f3 Roca i Pi a les entitats amb la finalitat de refor\u00e7ar la seva tasca. A trav\u00e9s d\u2019aquests convenis anuals s\u2019arriba i es dona <strong>suport a m\u00e9s de 14.000 persones.<\/strong><\/p>\n\n\n\n<p><strong>\u201cEl<\/strong><strong> major percentatge, un 46%, es destina a inf\u00e0ncia i joventut. De fet s\u2019ha incrementat aquesta aportaci\u00f3 respecte al 2022 d\u2019acord amb les necessitats d\u2019acompanyament a infants i joves a Badalona. <\/strong>Seguidament un 31% de les aportacionses dedica al col\u00b7lectiu d\u2019adults en situaci\u00f3 d\u2019exclusi\u00f3 social\u201d, destaca Mar Alsamora, cap d\u2019Acci\u00f3 Social de la Fundaci\u00f3 Llegat Roca i Pi.A m\u00e9s, es fa acompanyament a \u00e0mbits com persones nouvingudes, gent gran i persones amb discapacitat, entre d\u2019altres.<\/p>\n\n\n\n<p>Aquest any 2023 la Fundaci\u00f3 Llegat Roca i Pi t\u00e9 previst aportar m\u00e9s de 496.000 euros a entitats socials i parr\u00f2quies en el marc d\u2019aquest Programa de convenis d\u2019acord amb la missi\u00f3 d\u2019acompanyar a persones i fam\u00edlies en situaci\u00f3 de vulnerabilitat, sobretot a la ciutat de Badalona.<\/p>\n","protected":false},"excerpt":{"rendered":"<p>La Fundaci\u00f3 Llegat Roca i Pi ha signat el 24 de mar\u00e7 nous convenis de col\u00b7laboraci\u00f3 amb 30 entitats socials i 11 parr\u00f2quies, principalment de Badalona, amb l\u2019objectiu de contribuir a l\u2019acompanyament que fan a persones i fam\u00edlies en risc d\u2019exclusi\u00f3 social. La col\u00b7laboraci\u00f3 es realitza en el marc d\u2019un Programa de convenis que concreta [&hellip;]<\/p>\n","protected":false},"author":2,"featured_media":5052,"comment_status":"open","ping_status":"open","sticky":false,"template":"","format":"standard","meta":{"footnotes":""},"categories":[23,24],"tags":[],"class_list":{"0":"post-5051","1":"post","2":"type-post","3":"status-publish","4":"format-standard","5":"has-post-thumbnail","7":"category-actualitat","8":"category-societat"},"_links":{"self":[{"href":"https:\/\/areabadalona.com\/diario\/wp-json\/wp\/v2\/posts\/5051","targetHints":{"allow":["GET"]}}],"collection":[{"href":"https:\/\/areabadalona.com\/diario\/wp-json\/wp\/v2\/posts"}],"about":[{"href":"https:\/\/areabadalona.com\/diario\/wp-json\/wp\/v2\/types\/post"}],"author":[{"embeddable":true,"href":"https:\/\/areabadalona.com\/diario\/wp-json\/wp\/v2\/users\/2"}],"replies":[{"embeddable":true,"href":"https:\/\/areabadalona.com\/diario\/wp-json\/wp\/v2\/comments?post=5051"}],"version-history":[{"count":1,"href":"https:\/\/areabadalona.com\/diario\/wp-json\/wp\/v2\/posts\/5051\/revisions"}],"predecessor-version":[{"id":5053,"href":"https:\/\/areabadalona.com\/diario\/wp-json\/wp\/v2\/posts\/5051\/revisions\/5053"}],"wp:featuredmedia":[{"embeddable":true,"href":"https:\/\/areabadalona.com\/diario\/wp-json\/wp\/v2\/media\/5052"}],"wp:attachment":[{"href":"https:\/\/areabadalona.com\/diario\/wp-json\/wp\/v2\/media?parent=5051"}],"wp:term":[{"taxonomy":"category","embeddable":true,"href":"https:\/\/areabadalona.com\/diario\/wp-json\/wp\/v2\/categories?post=5051"},{"taxonomy":"post_tag","embeddable":true,"href":"https:\/\/areabadalona.com\/diario\/wp-json\/wp\/v2\/tags?post=5051"}],"curies":[{"name":"wp","href":"https:\/\/api.w.org\/{rel}","templated":true}]}}