{"id":5048,"date":"2023-03-24T18:29:00","date_gmt":"2023-03-24T18:29:00","guid":{"rendered":"https:\/\/areabadalona.com\/diario\/?p=5048"},"modified":"2023-03-27T08:29:43","modified_gmt":"2023-03-27T08:29:43","slug":"el-nou-festival-mvp-music-days-badalona-donara-inici-als-concerts-de-les-festes-de-maig-amb-justin-quiles-i-beret-com-a-caps-del-cartell","status":"publish","type":"post","link":"https:\/\/areabadalona.com\/diario\/2023\/03\/24\/el-nou-festival-mvp-music-days-badalona-donara-inici-als-concerts-de-les-festes-de-maig-amb-justin-quiles-i-beret-com-a-caps-del-cartell\/","title":{"rendered":"El nou festival MVP Music Days Badalona donar\u00e0 inici als concerts de les Festes de Maig amb Justin Quiles i Beret com a caps del cartell\u00a0"},"content":{"rendered":"\n<p>El nou festival de m\u00fasica MVP Music Days Badalona omplir\u00e0 la ciutat de propostes musicals de diferents estils i per a tots els p\u00fablics durant el primer cap de setmana de les Festes de Maig. Els dies 4, 5, 6 i 7 de maig el Palau Municipal d\u2019Esports acollir\u00e0 concerts d\u2019artistes com Justin Quiles, Beret, Andy y Lucas o David DeMar\u00eda que es dividiran per jornades tem\u00e0tiques: la primera nit estar\u00e0 dedicada a la m\u00fasica urbana; la segona, a la m\u00fasica flamenca; i la tercera, al pop-rock espanyol. El festival es tancar\u00e0 diumenge amb una sessi\u00f3 matinal dirigida al p\u00fablic infantil i familiar amb l\u2019artista Damaris Gelabert. &nbsp;<\/p>\n\n\n\n<p>Les tres nits de concerts comen\u00e7aran a partir de les 19.30 i finalitzaran al voltant de les 23 hores. La sessi\u00f3 matinal de diumenge es dur\u00e0 a terme entre les 10 i les 13 hores.&nbsp; El cartell per dies del MVP Music Days Badalona \u00e9s el seg\u00fcent:&nbsp;<\/p>\n\n\n\n<p><strong>Dijous 4 de maig:<\/strong> Justin Quiles, Saiko i Jeipy&nbsp;<\/p>\n\n\n\n<p><strong>Divendres 5 de maig:<\/strong> Andy y Lucas, David DeMar\u00eda i Los Rebujitos&nbsp;<\/p>\n\n\n\n<p><strong>Dissabte 6 de maig:<\/strong> Beret, Meler i Aina Da Silva&nbsp;<\/p>\n\n\n\n<p><strong>Diumenge 7 de maig:<\/strong> Damaris Gelabert i altres actuacions infantils&nbsp;<\/p>\n\n\n\n<p>El MVP Music Days Badalona \u00e9s un esdeveniment impulsat per la promotora badalonina DQuality Group amb la col\u00b7laboraci\u00f3 de l\u2019Ajuntament de Badalona. Les entrades per a cada nit tindran un preu a partir dels 18 euros i la del diumenge, gr\u00e0cies al suport de l\u2019Ajuntament, costar\u00e0 5 euros. Els beneficiaris del Bo Cultural Jove podran fer-ne \u00fas per adquirir les entrades al festival. &nbsp;<\/p>\n\n\n\n<p>Podeu comprar les entrades i trobar tota la informaci\u00f3 del festival al web <a href=\"http:\/\/mvpmusicdays.com\/\">mvpmusicdays.com<\/a>.&nbsp;<\/p>\n\n\n\n<p>El nou festival s\u2019ha presentat aquest divendres al mat\u00ed a l\u2019Hotel Marina Badalona en un acte en qu\u00e8 han participat l\u2019alcalde de Badalona, Rub\u00e9n Guijarro; la regidora de Cultura i Mobilitat, Anna Maria Lara; i Ernest Hidalgo, soci fundador de la promotora DQuality Group.&nbsp;<\/p>\n\n\n\n<p>Durant la presentaci\u00f3, l\u2019alcalde Rub\u00e9n Guijarro ha afirmat que \u201cel festival de m\u00fasica MVP Music Days Badalona ser\u00e0 tot un \u00e8xit no nom\u00e9s pels artistes que hi participaran, sin\u00f3 tamb\u00e9 pels preus assequibles i el ventall d\u2019espectacles que s\u2019ofereixen i que estan pensats per a tots els gustos\u201d. Segons l\u2019alcalde \u201caquest Festival ser\u00e0 l\u2019inici de les millors Festes de Maig de la hist\u00f2ria\u201d.&nbsp;<\/p>\n\n\n\n<p>Per la seva banda la regidora de l\u2019\u00c0rea de Cultura i Mobilitat, Anna Maria Lara, ha manifestat que aquest festival \u00e9s un \u201cesdeveniment important dins les Festes de Maig\u201d i que espera que \u201cdurant molts anys el primer cap de setmana de les festes comencin amb aquests gran festival de tres nits de concert\u201d que desitja que sigui \u201cmolt ben rebut per la gent de la ciutat i per la gent que vingui de fora\u201d.&nbsp;<\/p>\n","protected":false},"excerpt":{"rendered":"<p>El nou festival de m\u00fasica MVP Music Days Badalona omplir\u00e0 la ciutat de propostes musicals de diferents estils i per a tots els p\u00fablics durant el primer cap de setmana de les Festes de Maig. Els dies 4, 5, 6 i 7 de maig el Palau Municipal d\u2019Esports acollir\u00e0 concerts d\u2019artistes com Justin Quiles, Beret, [&hellip;]<\/p>\n","protected":false},"author":2,"featured_media":5049,"comment_status":"open","ping_status":"open","sticky":false,"template":"","format":"standard","meta":{"footnotes":""},"categories":[23,25],"tags":[],"class_list":{"0":"post-5048","1":"post","2":"type-post","3":"status-publish","4":"format-standard","5":"has-post-thumbnail","7":"category-actualitat","8":"category-cultura"},"_links":{"self":[{"href":"https:\/\/areabadalona.com\/diario\/wp-json\/wp\/v2\/posts\/5048","targetHints":{"allow":["GET"]}}],"collection":[{"href":"https:\/\/areabadalona.com\/diario\/wp-json\/wp\/v2\/posts"}],"about":[{"href":"https:\/\/areabadalona.com\/diario\/wp-json\/wp\/v2\/types\/post"}],"author":[{"embeddable":true,"href":"https:\/\/areabadalona.com\/diario\/wp-json\/wp\/v2\/users\/2"}],"replies":[{"embeddable":true,"href":"https:\/\/areabadalona.com\/diario\/wp-json\/wp\/v2\/comments?post=5048"}],"version-history":[{"count":1,"href":"https:\/\/areabadalona.com\/diario\/wp-json\/wp\/v2\/posts\/5048\/revisions"}],"predecessor-version":[{"id":5050,"href":"https:\/\/areabadalona.com\/diario\/wp-json\/wp\/v2\/posts\/5048\/revisions\/5050"}],"wp:featuredmedia":[{"embeddable":true,"href":"https:\/\/areabadalona.com\/diario\/wp-json\/wp\/v2\/media\/5049"}],"wp:attachment":[{"href":"https:\/\/areabadalona.com\/diario\/wp-json\/wp\/v2\/media?parent=5048"}],"wp:term":[{"taxonomy":"category","embeddable":true,"href":"https:\/\/areabadalona.com\/diario\/wp-json\/wp\/v2\/categories?post=5048"},{"taxonomy":"post_tag","embeddable":true,"href":"https:\/\/areabadalona.com\/diario\/wp-json\/wp\/v2\/tags?post=5048"}],"curies":[{"name":"wp","href":"https:\/\/api.w.org\/{rel}","templated":true}]}}