{"id":5045,"date":"2023-03-24T11:46:06","date_gmt":"2023-03-24T11:46:06","guid":{"rendered":"https:\/\/areabadalona.com\/diario\/?p=5045"},"modified":"2023-03-24T11:46:06","modified_gmt":"2023-03-24T11:46:06","slug":"badalona-es-postulara-per-acollir-la-proxima-edicio-dels-jocs-special-olympics","status":"publish","type":"post","link":"https:\/\/areabadalona.com\/diario\/2023\/03\/24\/badalona-es-postulara-per-acollir-la-proxima-edicio-dels-jocs-special-olympics\/","title":{"rendered":"Badalona es postular\u00e0 per acollir la pr\u00f2xima edici\u00f3 dels Jocs Special Olympics\u00a0"},"content":{"rendered":"\n<p>Badalona presentar\u00e0 una candidatura per a ser la seu de la pr\u00f2xima edici\u00f3 dels Jocs Special Olympics, l\u2019esdeveniment esportiu m\u00e9s important per a les persones amb discapacitat intel\u00b7lectual. Els Jocs, que ja es van celebrar a la ciutat l\u2019any 2004, s\u00f3n un punt de trobada de milers d\u2019atletes, entrenadors, fam\u00edlies i societat civil on a m\u00e9s de la competici\u00f3, tenen un paper fonamental la conviv\u00e8ncia, les activitats socials, el lleure i, especialment, la reivindicaci\u00f3 del paper de les persones amb discapacitat intel\u00b7lectual a la nostra societat.&nbsp;<\/p>\n\n\n\n<p>Ahir dijous 23 de mar\u00e7 va arribar a Badalona la flama dels Jocs Special Olympics d\u2019enguany, que tindran lloc a Granollers a partir del 30 de mar\u00e7. La torxa va passejar-se per la ciutat, des del passeig mar\u00edtim fins a la pla\u00e7a de la Vila, on es va encendre el peveter. Durant l&#8217;acte d\u2019encesa, l&#8217;alcalde de Badalona, Rub\u00e9n Guijarro, va fer p\u00fablica la intenci\u00f3 de postular la ciutat per acollir els Jocs d&#8217;aqu\u00ed a quatre anys. &nbsp;<\/p>\n","protected":false},"excerpt":{"rendered":"<p>Badalona presentar\u00e0 una candidatura per a ser la seu de la pr\u00f2xima edici\u00f3 dels Jocs Special Olympics, l\u2019esdeveniment esportiu m\u00e9s important per a les persones amb discapacitat intel\u00b7lectual. Els Jocs, que ja es van celebrar a la ciutat l\u2019any 2004, s\u00f3n un punt de trobada de milers d\u2019atletes, entrenadors, fam\u00edlies i societat civil on a [&hellip;]<\/p>\n","protected":false},"author":2,"featured_media":5046,"comment_status":"open","ping_status":"open","sticky":false,"template":"","format":"standard","meta":{"footnotes":""},"categories":[23,26],"tags":[],"class_list":{"0":"post-5045","1":"post","2":"type-post","3":"status-publish","4":"format-standard","5":"has-post-thumbnail","7":"category-actualitat","8":"category-esports"},"_links":{"self":[{"href":"https:\/\/areabadalona.com\/diario\/wp-json\/wp\/v2\/posts\/5045","targetHints":{"allow":["GET"]}}],"collection":[{"href":"https:\/\/areabadalona.com\/diario\/wp-json\/wp\/v2\/posts"}],"about":[{"href":"https:\/\/areabadalona.com\/diario\/wp-json\/wp\/v2\/types\/post"}],"author":[{"embeddable":true,"href":"https:\/\/areabadalona.com\/diario\/wp-json\/wp\/v2\/users\/2"}],"replies":[{"embeddable":true,"href":"https:\/\/areabadalona.com\/diario\/wp-json\/wp\/v2\/comments?post=5045"}],"version-history":[{"count":1,"href":"https:\/\/areabadalona.com\/diario\/wp-json\/wp\/v2\/posts\/5045\/revisions"}],"predecessor-version":[{"id":5047,"href":"https:\/\/areabadalona.com\/diario\/wp-json\/wp\/v2\/posts\/5045\/revisions\/5047"}],"wp:featuredmedia":[{"embeddable":true,"href":"https:\/\/areabadalona.com\/diario\/wp-json\/wp\/v2\/media\/5046"}],"wp:attachment":[{"href":"https:\/\/areabadalona.com\/diario\/wp-json\/wp\/v2\/media?parent=5045"}],"wp:term":[{"taxonomy":"category","embeddable":true,"href":"https:\/\/areabadalona.com\/diario\/wp-json\/wp\/v2\/categories?post=5045"},{"taxonomy":"post_tag","embeddable":true,"href":"https:\/\/areabadalona.com\/diario\/wp-json\/wp\/v2\/tags?post=5045"}],"curies":[{"name":"wp","href":"https:\/\/api.w.org\/{rel}","templated":true}]}}