{"id":5042,"date":"2023-03-24T10:20:05","date_gmt":"2023-03-24T10:20:05","guid":{"rendered":"https:\/\/areabadalona.com\/diario\/?p=5042"},"modified":"2023-03-24T10:20:05","modified_gmt":"2023-03-24T10:20:05","slug":"obert-el-termini-per-a-la-sol%c2%b7licitud-dajuts-per-al-pagament-de-lloguer-per-a-joves-de-35-anys-o-menys","status":"publish","type":"post","link":"https:\/\/areabadalona.com\/diario\/2023\/03\/24\/obert-el-termini-per-a-la-sol%c2%b7licitud-dajuts-per-al-pagament-de-lloguer-per-a-joves-de-35-anys-o-menys\/","title":{"rendered":"Obert el termini per a la sol\u00b7licitud d\u2019ajuts per al pagament de lloguer per a joves de 35 anys o menys\u00a0"},"content":{"rendered":"\n<p>Fins al 5 d\u2019abril s\u2019ha obert el termini per a les sol\u00b7licituds d\u2019ajuts que atorga la Generalitat de Catalunya per al pagament del lloguer per a les persones joves de 35 o menys anys. Per als m\u00e9s grans de 36 el termini per a la sol\u00b7licitud dels ajuts ser\u00e0 entre l\u201911 d\u2019abril i el 12 de maig. L&#8217;import de la subvenci\u00f3 ser\u00e0 del 20, 30 o 40% del lloguer amb un m\u00e0xim de 250 \u20ac i un m\u00ednim de 20 \u20ac mensuals per a les persones de 35 anys o menys i un m\u00e0xim de 200 \u20ac i un m\u00ednim de 20 \u20ac per a les persones amb 36 anys o m\u00e9s.&nbsp;<\/p>\n\n\n\n<p>Per a les persones residents a Badalona, l\u2019Ajuntament facilita la presentaci\u00f3 d\u2019aquest tr\u00e0mit a trav\u00e9s d\u2019Internet mitjan\u00e7ant l\u2019enlla\u00e7 <a href=\"https:\/\/www.olh.cat\/lloguer\/\">https:\/\/www.olh.cat\/lloguer\/<\/a> Si es vol fer presencialment, s\u2019ha de sol\u00b7licitar cita pr\u00e8via a l\u2019Oficina Local d\u2019Habitatge de Badalona <a href=\"http:\/\/www.olh.cat\">www.olh.cat<\/a> &nbsp;<\/p>\n\n\n\n<p><strong>Requisits b\u00e0sics per accedir a les subvencions de lloguer&nbsp;<\/strong><\/p>\n\n\n\n<p>&#8211; Tenir la resid\u00e8ncia legal a Catalunya&nbsp;<\/p>\n\n\n\n<p>&#8211; Que la unitat de conviv\u00e8ncia tingui una font regular d\u2019ingressos per poder pagar el lloguer i que no sobrepassin els 23.725,79 \u20ac. &nbsp;<\/p>\n\n\n\n<p>&#8211; Ser titular d&#8217;un contracte de lloguer o de cessi\u00f3 d\u2019\u00fas de l&#8217;habitatge o habitaci\u00f3 que sigui el domicili habitual i permanent. Cal estar-hi empadronat.&nbsp;<\/p>\n\n\n\n<p>&#8211; No pagar un lloguer o preu de cessi\u00f3 mensual per l\u2019habitatge o habitaci\u00f3 superior als imports seg\u00fcents:&nbsp;<\/p>\n\n\n\n<ol class=\"wp-block-list\">\n<li>Per a les persones que tinguin 35 anys o menys: Quan es tracti d\u2019habitatge: 950 euros. Per a fam\u00edlies nombroses, fam\u00edlies monoparentals i per a unitats de conviv\u00e8ncia amb algun membre amb discapacitat legalment reconeguda i barem mobilitat favorable, aquest import de lloguer m\u00e0xim ser\u00e0 de 1.100 euros. Quant es tracti d\u2019habitaci\u00f3: 450 euros.&nbsp;<\/li>\n\n\n\n<li>Per a les persones que tinguin 36 anys o m\u00e9s: Quan es tracti d\u2019habitatge: 900 euros i habitaci\u00f3: 450 euros.&nbsp;&#8211; Tenir domiciliat el cobrament de la subvenci\u00f3 en una entitat financera.&nbsp;<br><\/li>\n<\/ol>\n\n\n\n<p>&#8211; Estar al corrent de pagament de les rendes en el moment de presentar la sol\u00b7licitud.<\/p>\n\n\n\n<p>&#8211; Pagar el lloguer o preu de cessi\u00f3 per mitj\u00e0 de transfer\u00e8ncia banc\u00e0ria, rebut domiciliat, ingr\u00e9s en compte, Bizum o rebut em\u00e8s per la persona administradora de la finca, en el moment de presentaci\u00f3 de la sol\u00b7licitud&nbsp;<\/p>\n\n\n\n<p>&#8211; Complir les obligacions tribut\u00e0ries davant l&#8217;Estat, la Generalitat i les obligacions amb la Seguretat Social. (Es comprovar\u00e0 d&#8217;ofici abans de la proposta de la resoluci\u00f3)&nbsp;<\/p>\n\n\n\n<p><strong>Documentaci\u00f3&nbsp;<\/strong><\/p>\n\n\n\n<p>Pel que fa a la documentaci\u00f3 necess\u00e0ria per acreditar els requisits que es demanen a la convocat\u00f2ria, cal destacar, a m\u00e9s dels documents acreditatius personals (DNI, NIE, TIE&#8230;), els corresponents justificants d\u2019ingressos (declaracions de renda, certificats de pensions&#8230;) aix\u00ed com, entre altres, el contracte de lloguer o de cessi\u00f3 d\u2019\u00fas de l\u2019habitatge o habitaci\u00f3 a nom de la persona sol\u00b7licitant.&nbsp;<\/p>\n\n\n\n<p>La 4a tinenta d\u2019alcaldia i regidora de l\u2019\u00c0mbit de Territori, Habitatge, Esports i Salut de l\u2019Ajuntament de Badalona, Teresa Gonz\u00e1lez, ha animat a la ciutadania que pugui reunir els requisits b\u00e0sics a presentar les sol\u00b7licituds telem\u00e0ticament o demanar cita per a fer els tr\u00e0mits a l\u2019Oficina Local d\u2019Habitatge de Badalona. En aquest sentit, la regidora ha volgut destacar que: \u201cels ajuts als quals es poden optar s\u00f3n prou importants, estem parlant de subvencions que cobreixen entre el 20 i el 40% de l\u2019import total del lloguer\u201d.&nbsp;<\/p>\n","protected":false},"excerpt":{"rendered":"<p>Fins al 5 d\u2019abril s\u2019ha obert el termini per a les sol\u00b7licituds d\u2019ajuts que atorga la Generalitat de Catalunya per al pagament del lloguer per a les persones joves de 35 o menys anys. Per als m\u00e9s grans de 36 el termini per a la sol\u00b7licitud dels ajuts ser\u00e0 entre l\u201911 d\u2019abril i el 12 [&hellip;]<\/p>\n","protected":false},"author":2,"featured_media":5043,"comment_status":"open","ping_status":"open","sticky":false,"template":"","format":"standard","meta":{"footnotes":""},"categories":[23,24],"tags":[],"class_list":{"0":"post-5042","1":"post","2":"type-post","3":"status-publish","4":"format-standard","5":"has-post-thumbnail","7":"category-actualitat","8":"category-societat"},"_links":{"self":[{"href":"https:\/\/areabadalona.com\/diario\/wp-json\/wp\/v2\/posts\/5042","targetHints":{"allow":["GET"]}}],"collection":[{"href":"https:\/\/areabadalona.com\/diario\/wp-json\/wp\/v2\/posts"}],"about":[{"href":"https:\/\/areabadalona.com\/diario\/wp-json\/wp\/v2\/types\/post"}],"author":[{"embeddable":true,"href":"https:\/\/areabadalona.com\/diario\/wp-json\/wp\/v2\/users\/2"}],"replies":[{"embeddable":true,"href":"https:\/\/areabadalona.com\/diario\/wp-json\/wp\/v2\/comments?post=5042"}],"version-history":[{"count":1,"href":"https:\/\/areabadalona.com\/diario\/wp-json\/wp\/v2\/posts\/5042\/revisions"}],"predecessor-version":[{"id":5044,"href":"https:\/\/areabadalona.com\/diario\/wp-json\/wp\/v2\/posts\/5042\/revisions\/5044"}],"wp:featuredmedia":[{"embeddable":true,"href":"https:\/\/areabadalona.com\/diario\/wp-json\/wp\/v2\/media\/5043"}],"wp:attachment":[{"href":"https:\/\/areabadalona.com\/diario\/wp-json\/wp\/v2\/media?parent=5042"}],"wp:term":[{"taxonomy":"category","embeddable":true,"href":"https:\/\/areabadalona.com\/diario\/wp-json\/wp\/v2\/categories?post=5042"},{"taxonomy":"post_tag","embeddable":true,"href":"https:\/\/areabadalona.com\/diario\/wp-json\/wp\/v2\/tags?post=5042"}],"curies":[{"name":"wp","href":"https:\/\/api.w.org\/{rel}","templated":true}]}}