{"id":5038,"date":"2023-03-23T16:00:13","date_gmt":"2023-03-23T16:00:13","guid":{"rendered":"https:\/\/areabadalona.com\/diario\/?p=5038"},"modified":"2023-03-23T16:00:14","modified_gmt":"2023-03-23T16:00:14","slug":"ligtp-estrena-el-primer-episodi-del-podcast-un-bri-de-ciencia","status":"publish","type":"post","link":"https:\/\/areabadalona.com\/diario\/2023\/03\/23\/ligtp-estrena-el-primer-episodi-del-podcast-un-bri-de-ciencia\/","title":{"rendered":"<strong>L&#8217;IGTP estrena el primer episodi del p\u00f2dcast &#8216;Un bri de ci\u00e8ncia&#8217;<\/strong>"},"content":{"rendered":"\n<p>Dem\u00e0, Dia Internacional de la Tuberculosi, l&#8217;Institut de Recerca Germans Trias i Pujol (IGTP) estrena el seu propi p\u00f2dcast de divulgaci\u00f3 cient\u00edfica &#8216;Un bri de ci\u00e8ncia&#8217; amb un episodi dedicat a aquesta malaltia. L\u2019investigador Jos\u00e9 Dom\u00ednguez comenta que <em>\u201cla tuberculosi \u00e9s una malaltia de pobres i els que hi treballem tamb\u00e9 som pobres. En comparaci\u00f3 amb altres disciplines i amb altres infeccions no ha rebut mai el finan\u00e7ament necessari d\u2019acord amb la seva magnitud\u201d<\/em>. Tot i haver-hi una vacuna i un tractament, la malaltia encara mata a un mili\u00f3 i mig de persones anualment arreu del m\u00f3n, i segons l\u2019Organitzaci\u00f3 Mundial de la Salut aproximadament un ter\u00e7 de la poblaci\u00f3 mundial est\u00e0 infectada pel bacil.<\/p>\n\n\n\n<p>El primer episodi \u00abLa tuberculosi: la pand\u00e8mia dels pobres\u00bb ja est\u00e0 disponible a diverses plataformes de p\u00f2dcast. Dura 15 minuts i, en llengua catalana, es parla de la situaci\u00f3 actual de la malaltia, dels seus aspectes socials i cient\u00edfics, i del seu futur. Tamb\u00e9 s\u2019expliquen els projectes de recerca del grup d\u2019<a href=\"https:\/\/www.germanstrias.org\/ca\/research\/malalties-infeccioses\/3\/innovacio-en-infeccions-respiratories-i-diagnostic-de-la-tuberculosi\">Innovaci\u00f3 en Infeccions Respirat\u00f2ries i Diagn\u00f2stic de la Tuberculosi de l\u2019IGTP<\/a> (Innova4TB i AdvanceTB) i es ressalta la import\u00e0ncia de col\u00b7laborar en la seva investigaci\u00f3.<\/p>\n\n\n\n<p>El projecte &#8216;Un bri de ci\u00e8ncia&#8217; sorgeix amb l&#8217;objectiu de fer arribar la recerca de l&#8217;IGTP m\u00e9s enll\u00e0 dels professionals de la biomedicina i acostar-la a la ciutadania. La flexibilitat pr\u00f2pia dels p\u00f2dcasts, juntament amb un format narratiu, entretingut i f\u00e0cilment digerible, s\u00f3n elements clau per aconseguir-ho. S\u2019aprofitaran dies mundials perqu\u00e8 investigadors i investigadores del centre apropin la seva recerca mitjan\u00e7ant c\u00e0psules narratives. La producci\u00f3 del p\u00f2dcast \u00e9s pr\u00f2pia i sense cap ajut extern.<\/p>\n\n\n\n<p>Podeu escoltar l\u2019episodi a <a href=\"https:\/\/open.spotify.com\/episode\/08G7zcHQmwNwKtZjfU4Rnj?si=IEb_TCizTe6ULggNGWYgGw&amp;nd=1\">Spotify<\/a> i <a href=\"https:\/\/www.ivoox.com\/ep-01-la-tuberculosi-pandemia-dels-pobres-audios-mp3_rf_104900895_1.html\">iVoox<\/a>.<\/p>\n","protected":false},"excerpt":{"rendered":"<p>Dem\u00e0, Dia Internacional de la Tuberculosi, l&#8217;Institut de Recerca Germans Trias i Pujol (IGTP) estrena el seu propi p\u00f2dcast de divulgaci\u00f3 cient\u00edfica &#8216;Un bri de ci\u00e8ncia&#8217; amb un episodi dedicat a aquesta malaltia. L\u2019investigador Jos\u00e9 Dom\u00ednguez comenta que \u201cla tuberculosi \u00e9s una malaltia de pobres i els que hi treballem tamb\u00e9 som pobres. En comparaci\u00f3 [&hellip;]<\/p>\n","protected":false},"author":2,"featured_media":5039,"comment_status":"open","ping_status":"open","sticky":false,"template":"","format":"standard","meta":{"footnotes":""},"categories":[23],"tags":[],"class_list":{"0":"post-5038","1":"post","2":"type-post","3":"status-publish","4":"format-standard","5":"has-post-thumbnail","7":"category-actualitat"},"_links":{"self":[{"href":"https:\/\/areabadalona.com\/diario\/wp-json\/wp\/v2\/posts\/5038","targetHints":{"allow":["GET"]}}],"collection":[{"href":"https:\/\/areabadalona.com\/diario\/wp-json\/wp\/v2\/posts"}],"about":[{"href":"https:\/\/areabadalona.com\/diario\/wp-json\/wp\/v2\/types\/post"}],"author":[{"embeddable":true,"href":"https:\/\/areabadalona.com\/diario\/wp-json\/wp\/v2\/users\/2"}],"replies":[{"embeddable":true,"href":"https:\/\/areabadalona.com\/diario\/wp-json\/wp\/v2\/comments?post=5038"}],"version-history":[{"count":1,"href":"https:\/\/areabadalona.com\/diario\/wp-json\/wp\/v2\/posts\/5038\/revisions"}],"predecessor-version":[{"id":5040,"href":"https:\/\/areabadalona.com\/diario\/wp-json\/wp\/v2\/posts\/5038\/revisions\/5040"}],"wp:featuredmedia":[{"embeddable":true,"href":"https:\/\/areabadalona.com\/diario\/wp-json\/wp\/v2\/media\/5039"}],"wp:attachment":[{"href":"https:\/\/areabadalona.com\/diario\/wp-json\/wp\/v2\/media?parent=5038"}],"wp:term":[{"taxonomy":"category","embeddable":true,"href":"https:\/\/areabadalona.com\/diario\/wp-json\/wp\/v2\/categories?post=5038"},{"taxonomy":"post_tag","embeddable":true,"href":"https:\/\/areabadalona.com\/diario\/wp-json\/wp\/v2\/tags?post=5038"}],"curies":[{"name":"wp","href":"https:\/\/api.w.org\/{rel}","templated":true}]}}