{"id":5035,"date":"2023-03-23T15:56:51","date_gmt":"2023-03-23T15:56:51","guid":{"rendered":"https:\/\/areabadalona.com\/diario\/?p=5035"},"modified":"2023-03-23T15:56:52","modified_gmt":"2023-03-23T15:56:52","slug":"badalona-tanca-la-programacio-del-8-de-marc-amb-la-conferencia-juntes-i-empoderades-a-les-xarxes","status":"publish","type":"post","link":"https:\/\/areabadalona.com\/diario\/2023\/03\/23\/badalona-tanca-la-programacio-del-8-de-marc-amb-la-conferencia-juntes-i-empoderades-a-les-xarxes\/","title":{"rendered":"Badalona tanca la programaci\u00f3 del 8 de mar\u00e7 amb la confer\u00e8ncia \u2018Juntes i Empoderades a les xarxes\u2019\u00a0"},"content":{"rendered":"\n<p>Dem\u00e0 divendres 24 de mar\u00e7, a les 18 hores, l&#8217;institut Badalona VII acollir\u00e0 la confer\u00e8ncia participativa \u2018Juntes i Empoderades a les xarxes\u2019 a c\u00e0rrec de l&#8217;activista feminista i divulgadora Carla Galeote. L\u2019acte estar\u00e0 dinamitzat per la segona tinenta d&#8217;alcaldia i regidora de l&#8217;\u00c0mbit d&#8217;Educaci\u00f3, Feminismes i LGTBIQ+, Ciutadania, Participaci\u00f3 i Agenda 2030, A\u00efda Llaurad\u00f3, qui mitjan\u00e7ant preguntes per a la reflexi\u00f3 anir\u00e0 demanant opini\u00f3 a Galeote sobre com prevenir conductes masclistes a les xarxes socials, com detectar-les i sobretot, quines eines existeixen per protegir-se. Tamb\u00e9 es parlar\u00e0 dels referents a les xarxes i dels models positius per al jovent.&nbsp;<\/p>\n\n\n\n<p>La confer\u00e8ncia, que tancar\u00e0 el cicle d\u2019activitats programades durant aquest mes a Badalona en el marc de la celebraci\u00f3 del 8 de mar\u00e7, Dia Internacional de les Dones, s&#8217;adre\u00e7a a un p\u00fablic jove amb la finalitat d&#8217;educar i acompanyar en la bona i sana utilitzaci\u00f3 de les xarxes com a eines per a la socialitzaci\u00f3 de g\u00e8nere. Durant l\u2019acte tamb\u00e9 es parlar\u00e0 de feminisme digital i de perspectiva de g\u00e8nere en relaci\u00f3 amb la imatge, l&#8217;autoestima i l&#8217;empoderamnet de les dones a la xarxa.&nbsp;<\/p>\n\n\n\n<p>La segona tinenta d\u2019alcaldia i regidora de l\u2019\u00c0mbit d\u2019Educaci\u00f3, Feminismes i LGTBIQ+, Ciutadania, Participaci\u00f3 i Agenda 2030, A\u00efda Llaurad\u00f3, ha destacat que \u201c\u00e9s molt necessari treballar amb el jovent en la socialitzaci\u00f3 del g\u00e8nere des del feminisme, sobretot per donar eines de detecci\u00f3 i prevenci\u00f3 de les viol\u00e8ncies sexuals i les viol\u00e8ncies digitals a les xarxes socials\u201d. Llaurad\u00f3 ha remarcat que \u201cel p\u00fablic jove necessita espais de reflexi\u00f3 i trobada com aquest per expressar els seus dubtes i idees m\u00e9s enll\u00e0 dels espais formals com s\u00f3n l&#8217;escola\u201d. \u201cAmb aquest acte s&#8217;acaba la programaci\u00f3 d&#8217;actes i activitats feministes del mes de mar\u00e7, per\u00f2 tenim la voluntat de continuar treballant com si cada dia fos 8 de mar\u00e7\u201d, ha concl\u00f2s la regidora. &nbsp;<\/p>\n","protected":false},"excerpt":{"rendered":"<p>Dem\u00e0 divendres 24 de mar\u00e7, a les 18 hores, l&#8217;institut Badalona VII acollir\u00e0 la confer\u00e8ncia participativa \u2018Juntes i Empoderades a les xarxes\u2019 a c\u00e0rrec de l&#8217;activista feminista i divulgadora Carla Galeote. L\u2019acte estar\u00e0 dinamitzat per la segona tinenta d&#8217;alcaldia i regidora de l&#8217;\u00c0mbit d&#8217;Educaci\u00f3, Feminismes i LGTBIQ+, Ciutadania, Participaci\u00f3 i Agenda 2030, A\u00efda Llaurad\u00f3, qui [&hellip;]<\/p>\n","protected":false},"author":2,"featured_media":5036,"comment_status":"open","ping_status":"open","sticky":false,"template":"","format":"standard","meta":{"footnotes":""},"categories":[23,24],"tags":[],"class_list":{"0":"post-5035","1":"post","2":"type-post","3":"status-publish","4":"format-standard","5":"has-post-thumbnail","7":"category-actualitat","8":"category-societat"},"_links":{"self":[{"href":"https:\/\/areabadalona.com\/diario\/wp-json\/wp\/v2\/posts\/5035","targetHints":{"allow":["GET"]}}],"collection":[{"href":"https:\/\/areabadalona.com\/diario\/wp-json\/wp\/v2\/posts"}],"about":[{"href":"https:\/\/areabadalona.com\/diario\/wp-json\/wp\/v2\/types\/post"}],"author":[{"embeddable":true,"href":"https:\/\/areabadalona.com\/diario\/wp-json\/wp\/v2\/users\/2"}],"replies":[{"embeddable":true,"href":"https:\/\/areabadalona.com\/diario\/wp-json\/wp\/v2\/comments?post=5035"}],"version-history":[{"count":1,"href":"https:\/\/areabadalona.com\/diario\/wp-json\/wp\/v2\/posts\/5035\/revisions"}],"predecessor-version":[{"id":5037,"href":"https:\/\/areabadalona.com\/diario\/wp-json\/wp\/v2\/posts\/5035\/revisions\/5037"}],"wp:featuredmedia":[{"embeddable":true,"href":"https:\/\/areabadalona.com\/diario\/wp-json\/wp\/v2\/media\/5036"}],"wp:attachment":[{"href":"https:\/\/areabadalona.com\/diario\/wp-json\/wp\/v2\/media?parent=5035"}],"wp:term":[{"taxonomy":"category","embeddable":true,"href":"https:\/\/areabadalona.com\/diario\/wp-json\/wp\/v2\/categories?post=5035"},{"taxonomy":"post_tag","embeddable":true,"href":"https:\/\/areabadalona.com\/diario\/wp-json\/wp\/v2\/tags?post=5035"}],"curies":[{"name":"wp","href":"https:\/\/api.w.org\/{rel}","templated":true}]}}