{"id":5031,"date":"2023-03-23T15:54:10","date_gmt":"2023-03-23T15:54:10","guid":{"rendered":"https:\/\/areabadalona.com\/diario\/?p=5031"},"modified":"2023-03-23T15:54:11","modified_gmt":"2023-03-23T15:54:11","slug":"lajuntament-de-badalona-presenta-lavantprojecte-per-a-la-construccio-dun-complex-esportiu-municipal-a-lantic-solar-de-la-fabrica-focus","status":"publish","type":"post","link":"https:\/\/areabadalona.com\/diario\/2023\/03\/23\/lajuntament-de-badalona-presenta-lavantprojecte-per-a-la-construccio-dun-complex-esportiu-municipal-a-lantic-solar-de-la-fabrica-focus\/","title":{"rendered":"L\u2019Ajuntament de Badalona presenta l\u2019avantprojecte per a la construcci\u00f3 d\u2019un complex esportiu municipal a l\u2019antic solar de la f\u00e0brica FOCUS \u00a0"},"content":{"rendered":"\n<p>L\u2019Ajuntament de Badalona va donar a con\u00e8ixer aquest dimecres l\u2019avantprojecte per a la construcci\u00f3 d\u2019un complex esportiu municipal a l\u2019antic solar de la f\u00e0brica FOCUS, situat entre els carrers Jaume Pasarell i el lateral de l\u2019autopista C-31 que va direcci\u00f3 Barcelona. La proposta preveu una superf\u00edcie constru\u00efda de 13.745 metres quadrats que inclour\u00e0 una piscina ol\u00edmpica amb les mesures oficials, diversos espais d\u2019aigua complementaris, zones termals, vuit pistes de p\u00e0del, gimn\u00e0s, sala de fitness, una \u00e0rea exterior per c\u00f3rrer, sol\u00e0rium i un aparcament soterrani amb 153 places. &nbsp;<\/p>\n\n\n\n<p>La proposta global s\u2019estructura en dos edificis, totalment accessibles i sense barreres arquitect\u00f2niques, que s\u2019integren mitjan\u00e7ant un carrer per a vianants que penetra a l\u2019interior de l\u2019edifici esportiu, de forma que es convertir\u00e0 en el vest\u00edbul i en lloc de relaci\u00f3 dels usuaris. La coberta de l\u2019edifici \u00e9s completament ondulada, creant uns lucernaris en forma d\u2019ull que donaran llum a tot el conjunt. Aquesta coberta pret\u00e9n qualificar i dignificar l\u2019arquitectura de l\u2019edifici i recorda el moviment de l\u2019aigua dels nadadors i de les onades, que tamb\u00e9 est\u00e0 present en l\u2019escut de la ciutat de Badalona. El disseny, que s\u2019inspira en la natura i el flux de l\u2019aigua natural, contempla que la coberta sigui de zinc, recordant que l\u2019antiga f\u00e0brica Focus utilitzava aquest material en el disseny de les seves l\u00e0mpades.&nbsp;<\/p>\n\n\n\n<p>La nova piscina comptar\u00e0 amb els sistemes de funcionament idonis seguint els majors est\u00e0ndards de qualitat, efici\u00e8ncia energ\u00e8tica i confort per als usuaris. Les instal\u00b7lacions de tractament d&#8217;aigua seran sostenibles, amb sistemes de control per adequar els consums a les condicions reals d&#8217;utilitzaci\u00f3 de la piscina, amb \u00fas d&#8217;energies renovables i de recuperaci\u00f3 de calor, tant per la producci\u00f3 d&#8217;aigua calenta sanit\u00e0ria, com per a l&#8217;escalfament de l&#8217;aigua. En aquest sentit, es preveu instal\u00b7lar una font de captaci\u00f3 fotovoltaica per a la producci\u00f3 d&#8217;energia el\u00e8ctrica per a autoconsum.&nbsp;<\/p>\n\n\n\n<p>Les instal\u00b7lacions d&#8217;il\u00b7luminaci\u00f3 es pensaran per aprofitar la llum natural i adaptar-se a les condicions atmosf\u00e8riques i als horaris de funcionament. Tamb\u00e9 es preveu la inclusi\u00f3 d&#8217;un sistema de gesti\u00f3 i control centralitzat per automatitzar les tasques de manteniment de les condicions interiors tant de l&#8217;aire com de l&#8217;aigua. D\u2019aquesta manera s\u2019optimitzar\u00e0 l&#8217;explotaci\u00f3 reduint els costos de manteniment i racionalitzant la despesa energ\u00e8tica. \u00a0<\/p>\n\n\n\n<div><a href=\"https:\/\/areabadalona.com\/diario\/wp-content\/uploads\/2023\/03\/Piscina-Municipal_Interior-1920x1080-1-1024x576.jpg\" class=\"td-modal-image\"><figure class=\"wp-block-image size-large\"><img loading=\"lazy\" decoding=\"async\" width=\"1024\" height=\"576\" src=\"https:\/\/areabadalona.com\/diario\/wp-content\/uploads\/2023\/03\/Piscina-Municipal_Interior-1920x1080-1-1024x576.jpg\" alt=\"\" class=\"wp-image-5032\" srcset=\"https:\/\/areabadalona.com\/diario\/wp-content\/uploads\/2023\/03\/Piscina-Municipal_Interior-1920x1080-1-1024x576.jpg 1024w, https:\/\/areabadalona.com\/diario\/wp-content\/uploads\/2023\/03\/Piscina-Municipal_Interior-1920x1080-1-300x169.jpg 300w, https:\/\/areabadalona.com\/diario\/wp-content\/uploads\/2023\/03\/Piscina-Municipal_Interior-1920x1080-1-768x432.jpg 768w, https:\/\/areabadalona.com\/diario\/wp-content\/uploads\/2023\/03\/Piscina-Municipal_Interior-1920x1080-1-150x84.jpg 150w, https:\/\/areabadalona.com\/diario\/wp-content\/uploads\/2023\/03\/Piscina-Municipal_Interior-1920x1080-1-696x392.jpg 696w, https:\/\/areabadalona.com\/diario\/wp-content\/uploads\/2023\/03\/Piscina-Municipal_Interior-1920x1080-1-1068x601.jpg 1068w, https:\/\/areabadalona.com\/diario\/wp-content\/uploads\/2023\/03\/Piscina-Municipal_Interior-1920x1080-1.jpg 1200w\" sizes=\"auto, (max-width: 1024px) 100vw, 1024px\" \/><\/figure><\/a><\/div>\n\n\n\n<p>La construcci\u00f3 del complex esportiu comptar\u00e0 amb un pressupost de 22,5 milions d\u2019euros.&nbsp;<\/p>\n\n\n\n<p>L\u2019alcalde Rub\u00e9n Guijarro va presentar el projecte aquest dimecres a la tarda al Centre Cultural El Carme davant entitats ve\u00efnals i esportives, ve\u00efns i ve\u00efnes de la ciutat, i representants del m\u00f3n de l\u2019esport com el nou president de la Federaci\u00f3 Catalana de Nataci\u00f3, Ramon Bosch, i el vicepresident esportiu de la mateixa Federaci\u00f3, \u00c0lex Amor\u00f3s. Durant l\u2019acte, l\u2019alcalde va explicar que \u201caquest avantprojecte \u00e9s un treball t\u00e8cnic desenvolupat que suposa la primera fase necess\u00e0ria per a seguir el curs legal d\u2019execuci\u00f3 de l\u2019obra,&nbsp; aconseguir que les actuacions comencin l\u2019any 2025 i que el nou complex esportiu sigui una realitat el 2026\u201d. Guijarro va assegurar que \u201caquest \u00e9s un projecte ambici\u00f3s i de futur que donar\u00e0 resposta a les necessitats esportives i d\u2019oci de tota la ciutadania i, a la vegada, potenciar\u00e0 la imatge de la ciutat, que podr\u00e0 acollir en aquestes instal\u00b7lacions competicions del m\u00e9s alt nivell\u201d. &nbsp;<\/p>\n","protected":false},"excerpt":{"rendered":"<p>L\u2019Ajuntament de Badalona va donar a con\u00e8ixer aquest dimecres l\u2019avantprojecte per a la construcci\u00f3 d\u2019un complex esportiu municipal a l\u2019antic solar de la f\u00e0brica FOCUS, situat entre els carrers Jaume Pasarell i el lateral de l\u2019autopista C-31 que va direcci\u00f3 Barcelona. La proposta preveu una superf\u00edcie constru\u00efda de 13.745 metres quadrats que inclour\u00e0 una piscina [&hellip;]<\/p>\n","protected":false},"author":2,"featured_media":5033,"comment_status":"open","ping_status":"open","sticky":false,"template":"","format":"standard","meta":{"footnotes":""},"categories":[23,26],"tags":[],"class_list":{"0":"post-5031","1":"post","2":"type-post","3":"status-publish","4":"format-standard","5":"has-post-thumbnail","7":"category-actualitat","8":"category-esports"},"_links":{"self":[{"href":"https:\/\/areabadalona.com\/diario\/wp-json\/wp\/v2\/posts\/5031","targetHints":{"allow":["GET"]}}],"collection":[{"href":"https:\/\/areabadalona.com\/diario\/wp-json\/wp\/v2\/posts"}],"about":[{"href":"https:\/\/areabadalona.com\/diario\/wp-json\/wp\/v2\/types\/post"}],"author":[{"embeddable":true,"href":"https:\/\/areabadalona.com\/diario\/wp-json\/wp\/v2\/users\/2"}],"replies":[{"embeddable":true,"href":"https:\/\/areabadalona.com\/diario\/wp-json\/wp\/v2\/comments?post=5031"}],"version-history":[{"count":1,"href":"https:\/\/areabadalona.com\/diario\/wp-json\/wp\/v2\/posts\/5031\/revisions"}],"predecessor-version":[{"id":5034,"href":"https:\/\/areabadalona.com\/diario\/wp-json\/wp\/v2\/posts\/5031\/revisions\/5034"}],"wp:featuredmedia":[{"embeddable":true,"href":"https:\/\/areabadalona.com\/diario\/wp-json\/wp\/v2\/media\/5033"}],"wp:attachment":[{"href":"https:\/\/areabadalona.com\/diario\/wp-json\/wp\/v2\/media?parent=5031"}],"wp:term":[{"taxonomy":"category","embeddable":true,"href":"https:\/\/areabadalona.com\/diario\/wp-json\/wp\/v2\/categories?post=5031"},{"taxonomy":"post_tag","embeddable":true,"href":"https:\/\/areabadalona.com\/diario\/wp-json\/wp\/v2\/tags?post=5031"}],"curies":[{"name":"wp","href":"https:\/\/api.w.org\/{rel}","templated":true}]}}