{"id":5028,"date":"2023-03-23T15:51:07","date_gmt":"2023-03-23T15:51:07","guid":{"rendered":"https:\/\/areabadalona.com\/diario\/?p=5028"},"modified":"2023-03-23T15:51:07","modified_gmt":"2023-03-23T15:51:07","slug":"la-guardia-urbana-de-badalona-sacosta-als-barris-amb-punts-dinformacio-itinerants","status":"publish","type":"post","link":"https:\/\/areabadalona.com\/diario\/2023\/03\/23\/la-guardia-urbana-de-badalona-sacosta-als-barris-amb-punts-dinformacio-itinerants\/","title":{"rendered":"La Gu\u00e0rdia Urbana de Badalona s&#8217;acosta als barris amb punts d&#8217;informaci\u00f3 itinerants\u00a0"},"content":{"rendered":"\n<p>La Gu\u00e0rdia Urbana de Badalona, mitjan\u00e7ant la Unitat de Proximitat, instal\u00b7la a partir d\u2019avui Punts d\u2019informaci\u00f3 als barris, on s\u2019at\u00e9n els ve\u00efns i les ve\u00efnes per con\u00e8ixer els problemes diaris que m\u00e9s els preocupen i valorar com afrontar-los mitjan\u00e7ant un tracte personalitzat i proper.&nbsp;<\/p>\n\n\n\n<p>Aquests Punts d\u2019informaci\u00f3 es muntaran di\u00e0riament, de dilluns a divendres, donant cobertura als sis districtes de la ciutat. A m\u00e9s de con\u00e8ixer de primera m\u00e0 les demanes del conjunt de la ciutadania, els efectius de la policia local tamb\u00e9 assessorar\u00e0, amb el suport de material informatiu, sobre diverses q\u00fcestions que poden ser d\u2019inter\u00e8s com ara: seguretat vi\u00e0ria (patinets el\u00e8ctrics, vehicles de mobilitat personal); obligacions dels propietaris de gossos; viol\u00e8ncia de g\u00e8nere; ocupaci\u00f3 d\u2019immobles; mesures de protecci\u00f3 en cas d\u2019incendi al domicili o mesures de seguretat a prendre en el moment de retirar diners d\u2019entitats banc\u00e0ries, entre altres.&nbsp;<\/p>\n\n\n\n<p><strong>Distribuci\u00f3 dels punts d\u2019informaci\u00f3 als barris&nbsp;<\/strong><\/p>\n\n\n\n<p>Els Punts d\u2019informaci\u00f3 als barris tenen assignats dos agents per torn de dilluns a divendres en horari de mat\u00ed (10.30 a 13.30 hores) i de tarda (16 a 19 hores). A la carpa de Gu\u00e0rdia Urbana s\u2019atendr\u00e0 la ciutadania i es distribuir\u00e0 el material informatiu divers.&nbsp;<\/p>\n\n\n\n<figure class=\"wp-block-table\"><table><tbody><tr><td>Dia&nbsp;<\/td><td>Mat\u00ed&nbsp;<\/td><td>Tarda&nbsp;<\/td><\/tr><tr><td>Dilluns &nbsp;<\/td><td>Pompeu Fabra\/Anselm Clav\u00e9&nbsp;<\/td><td>Pompeu Fabra\/Anselm Clav\u00e9&nbsp;<\/td><\/tr><tr><td>Dimarts &nbsp;<\/td><td>Avinguda de Catalunya 63 (davant CAP)&nbsp;<\/td><td>Avinguda de Catalunya 63 (davant CAP)&nbsp;<\/td><\/tr><tr><td>Dimecres &nbsp;<\/td><td>Av Marqu\u00e8s de Sant Mori \/ Proven\u00e7a&nbsp;<\/td><td>Av Marqu\u00e8s de Sant Mori \/ Proven\u00e7a&nbsp;<\/td><\/tr><tr><td>Dijous &nbsp;<\/td><td>Pla\u00e7a Roja&nbsp;<\/td><td>Pla\u00e7a d\u2019Ant\u00f2nia Boada&nbsp;<\/td><\/tr><tr><td>Divendres &nbsp;<\/td><td>Rambla del Gorg (Metro)&nbsp;<\/td><td>Rambla del Gorg (Metro)&nbsp;<\/td><\/tr><\/tbody><\/table><\/figure>\n\n\n\n<p>La Gu\u00e0rdia Urbana recollir\u00e0 la informaci\u00f3 b\u00e0sica que es generi a trav\u00e9s d\u2019aquests punts d\u2019informaci\u00f3 amb l\u2019objectiu de valorar els serveis prestats i analitzar les possibles millores a implementar.&nbsp;<\/p>\n","protected":false},"excerpt":{"rendered":"<p>La Gu\u00e0rdia Urbana de Badalona, mitjan\u00e7ant la Unitat de Proximitat, instal\u00b7la a partir d\u2019avui Punts d\u2019informaci\u00f3 als barris, on s\u2019at\u00e9n els ve\u00efns i les ve\u00efnes per con\u00e8ixer els problemes diaris que m\u00e9s els preocupen i valorar com afrontar-los mitjan\u00e7ant un tracte personalitzat i proper.&nbsp; Aquests Punts d\u2019informaci\u00f3 es muntaran di\u00e0riament, de dilluns a divendres, donant [&hellip;]<\/p>\n","protected":false},"author":2,"featured_media":5029,"comment_status":"open","ping_status":"open","sticky":false,"template":"","format":"standard","meta":{"footnotes":""},"categories":[23,24],"tags":[],"class_list":{"0":"post-5028","1":"post","2":"type-post","3":"status-publish","4":"format-standard","5":"has-post-thumbnail","7":"category-actualitat","8":"category-societat"},"_links":{"self":[{"href":"https:\/\/areabadalona.com\/diario\/wp-json\/wp\/v2\/posts\/5028","targetHints":{"allow":["GET"]}}],"collection":[{"href":"https:\/\/areabadalona.com\/diario\/wp-json\/wp\/v2\/posts"}],"about":[{"href":"https:\/\/areabadalona.com\/diario\/wp-json\/wp\/v2\/types\/post"}],"author":[{"embeddable":true,"href":"https:\/\/areabadalona.com\/diario\/wp-json\/wp\/v2\/users\/2"}],"replies":[{"embeddable":true,"href":"https:\/\/areabadalona.com\/diario\/wp-json\/wp\/v2\/comments?post=5028"}],"version-history":[{"count":1,"href":"https:\/\/areabadalona.com\/diario\/wp-json\/wp\/v2\/posts\/5028\/revisions"}],"predecessor-version":[{"id":5030,"href":"https:\/\/areabadalona.com\/diario\/wp-json\/wp\/v2\/posts\/5028\/revisions\/5030"}],"wp:featuredmedia":[{"embeddable":true,"href":"https:\/\/areabadalona.com\/diario\/wp-json\/wp\/v2\/media\/5029"}],"wp:attachment":[{"href":"https:\/\/areabadalona.com\/diario\/wp-json\/wp\/v2\/media?parent=5028"}],"wp:term":[{"taxonomy":"category","embeddable":true,"href":"https:\/\/areabadalona.com\/diario\/wp-json\/wp\/v2\/categories?post=5028"},{"taxonomy":"post_tag","embeddable":true,"href":"https:\/\/areabadalona.com\/diario\/wp-json\/wp\/v2\/tags?post=5028"}],"curies":[{"name":"wp","href":"https:\/\/api.w.org\/{rel}","templated":true}]}}