{"id":5025,"date":"2023-03-22T16:41:43","date_gmt":"2023-03-22T16:41:43","guid":{"rendered":"https:\/\/areabadalona.com\/diario\/?p=5025"},"modified":"2023-03-22T16:41:44","modified_gmt":"2023-03-22T16:41:44","slug":"badalona-acollira-el-diumenge-16-dabril-la-ii-cursa-popular-mossos-desquadra-per-laluchadeabril","status":"publish","type":"post","link":"https:\/\/areabadalona.com\/diario\/2023\/03\/22\/badalona-acollira-el-diumenge-16-dabril-la-ii-cursa-popular-mossos-desquadra-per-laluchadeabril\/","title":{"rendered":"Badalona acollir\u00e0 el diumenge 16 d\u2019abril la II Cursa Popular Mossos d\u2019Esquadra per @laluchadeabril\u00a0"},"content":{"rendered":"\n<p>Diumenge 16 d\u2019abril, Badalona ser\u00e0 escenari de la II Cursa &nbsp;Popular &#8211; Mossos d\u2019Esquadra per @laluchadeabril, un esdeveniment ben\u00e8fic per recaptar fons per a la investigaci\u00f3 m\u00e8dica. L\u2019esdeveniment comptar\u00e0 amb curses de 5 i 10 quil\u00f2metres, una caminada popular i diverses curses infantils. Les proves comen\u00e7aran a partir de les 9.30 hores al carrer de la Riera del Canyad\u00f3, a l\u2019al\u00e7ada de la porta del parc de Can Solei i Ca l\u2019Arn\u00fas, que ser\u00e0 el punt de sortida i arribada de les curses. Les proves infantils s\u2019iniciaran a les 11 hores. &nbsp;<\/p>\n\n\n\n<p>L\u2019esdeveniment t\u00e9 un car\u00e0cter \u00edntegrament solidari, ja que tots els beneficis aniran destinats a l\u2019Institut de Neuroci\u00e8ncies de la Universitat Aut\u00f2noma de Barcelona (INc-UAB). Els diners recaptats es dedicaran a la investigaci\u00f3 de la malaltia que pateix l\u2019Abril, una nena badalonina afectada per una dol\u00e8ncia degenerativa ultra estranya anomenada paraplegia esp\u00e0stica (SPG52), de la qual nom\u00e9s hi ha 50 casos diagnosticats a tot el m\u00f3n.&nbsp; &nbsp;<\/p>\n\n\n\n<p>El preu de la inscripci\u00f3 \u00e9s a partir de 9 euros amb xip groc en propietat per als adults i de 5 euros per als nens. La compra de la samarreta solid\u00e0ria de la cursa ser\u00e0 opcional a escollir en el moment de la inscripci\u00f3. Tamb\u00e9 s\u2019ha habilitat un dorsal solidari per a aquelles persones que vulguin aportar \u00edntegrament els diners a la causa. &nbsp;<\/p>\n\n\n\n<p>Les inscripcions es poden fer a trav\u00e9s del <a href=\"http:\/\/bsevents.cat\/curses\/cursamossosbdn\">web de BS Events<\/a> i presencialment a Muro Motoservei \u2013 Concessionari Oficial Yamaha a Badalona. Els dorsals es podran recollir el 14 i 15 d\u2019abril al Centre Comercial Montigal\u00e0 i el mateix dia de la cursa al punt de sortida entre les 8 i les 9 hores. &nbsp;<\/p>\n\n\n\n<p>La cursa s\u2019ha presentat avui en una roda de premsa celebrada a l\u2019edifici del Viver en la que han participat l\u2019alcalde de Badalona, Rub\u00e9n Guijarro; de la quarta tinenta d\u2019alcaldia i regidora de l\u2019\u00c0mbit de Territori, Habitatge Esports i Salut, Teresa Gonz\u00e1lez; del comissari en cap de la Policia de la Generalitat &#8211; Mossos d\u2019Esquadra, Eduard Sallent; de la vicerectora de Recerca de la Universitat Aut\u00f2noma de Barcelona (UAB), Assumpci\u00f3 Malgosa, i del pare de l\u2019Abril i Mosso d\u2019Esquadra, Jes\u00fas Merino.&nbsp;<\/p>\n\n\n\n<p>L\u2019alcalde de Badalona, Rub\u00e9n Guijarro, ha agra\u00eft durant la presentaci\u00f3 el paper de tots els implicats per poder celebrar aquesta cursa i s\u2019ha mostrat orgull\u00f3s de \u201cpoder formar part d\u2019aquesta mena de projectes, que uneixen els diferents col\u00b7lectius i representen la Badalona que cuida, investiga i que projecta valors positius per a la societat\u201d. Guijarro &nbsp;ha afirmat que \u201cpersonalment, m&#8217;agrada estar aqu\u00ed avui com a alcalde, per\u00f2 sobretot com a ve\u00ed de Badalona\u201d. \u201cDes de l\u2019Ajuntament posarem tots els recursos que sigui possible per aquesta causa, i ho farem per l&#8217;Abril i tamb\u00e9 per tots nosaltres com a ciutat\u201d, ha afegit l\u2019alcalde. &nbsp;&nbsp;<\/p>\n\n\n\n<p>La quarta tinenta d&#8217;alcaldia i regidora de l&#8217;\u00c0mbit de Territori, Habitatge, Esports i Salut, Teresa Gonz\u00e1lez, ha indicat que \u201cveure que la cursa de @laluchadeabril es consolida a la ciutat amb aquesta segona edici\u00f3 \u00e9s una gran not\u00edcia que demostra que tant les institucions com els ve\u00efns i ve\u00efnes de Badalona s\u00f3n solidaris i compromesos\u201d. &nbsp;<\/p>\n\n\n\n<p>Eduard Sallent, comissari en cap de la Policia de la Generalitat &#8211; Mossos d\u2019Esquadra, ha volgut mostrar el suport del cos a l\u2019Abril i la seva fam\u00edlia i ha destacat que \u201caquesta cursa treu el millor de tots nosaltres i despr\u00e8n valors essencials com la solidaritat, l\u2019esperan\u00e7a i la lluita\u201d. Sallent s\u2019ha mostrat honorat de \u201cveure com el cos de Mossos s&#8217;aboca en tot all\u00f2 que pot per una causa tan noble que representa perfectament la transmissi\u00f3 d\u2019all\u00f2 que \u00e9s ser policia\u201d.&nbsp;<\/p>\n\n\n\n<p>Per la seva part, la vicerectora de Recerca de la Universitat Aut\u00f2noma de Barcelona (UAB), Assumpci\u00f3 Malgosa, ha afirmat que \u201c\u00e9s molt important per la UAB estar avui aqu\u00ed present i formar part d\u2019un esdeveniment que genera recursos per a la investigaci\u00f3 i que implica a les institucions i la societat civil\u201d. En aquest sentit, Malgosa ha indicat que \u201cel paper de les universitats \u00e9s donar respostes als reptes que tenim al davant, i, en aquest sentit, la cura de qualsevol malaltia i la millora de la qualitat de vida de les persones s\u00f3n tasques imprescindible\u201d.&nbsp;<\/p>\n\n\n\n<p>El pare de l\u2019Abril i agent dels Mossos d\u2019Esquadra, Jes\u00fas Merino, ha volgut agrair el seu suport a tots els implicats en l\u2019organitzaci\u00f3 de l\u2019esdeveniment i ha destacat \u201cel paper de tota la nostra fam\u00edlia per continuar lluitant dia a dia, gaudint de l\u2019Abril i fent que sigui una nena feli\u00e7\u201d. Merino ha assegurat que seguirem esfor\u00e7ant-nos di\u00e0riament perqu\u00e8 la investigaci\u00f3 avanci no nom\u00e9s per nosaltres, sin\u00f3 per tothom que es pugui veure afectat per totes aquelles malalties minorit\u00e0ries que necessiten m\u00e9s investigaci\u00f3\u201d. &nbsp;<\/p>\n\n\n\n<p>Podeu consultar tota la informaci\u00f3 sobre el cas de l\u2019Abril, la cursa i altres esdeveniments relacionat amb la causa en aquest <a href=\"https:\/\/beacons.ai\/laluchadeabril\">enlla\u00e7<\/a>.&nbsp;<\/p>\n","protected":false},"excerpt":{"rendered":"<p>Diumenge 16 d\u2019abril, Badalona ser\u00e0 escenari de la II Cursa &nbsp;Popular &#8211; Mossos d\u2019Esquadra per @laluchadeabril, un esdeveniment ben\u00e8fic per recaptar fons per a la investigaci\u00f3 m\u00e8dica. L\u2019esdeveniment comptar\u00e0 amb curses de 5 i 10 quil\u00f2metres, una caminada popular i diverses curses infantils. Les proves comen\u00e7aran a partir de les 9.30 hores al carrer de [&hellip;]<\/p>\n","protected":false},"author":2,"featured_media":5026,"comment_status":"open","ping_status":"open","sticky":false,"template":"","format":"standard","meta":{"footnotes":""},"categories":[26],"tags":[],"class_list":{"0":"post-5025","1":"post","2":"type-post","3":"status-publish","4":"format-standard","5":"has-post-thumbnail","7":"category-esports"},"_links":{"self":[{"href":"https:\/\/areabadalona.com\/diario\/wp-json\/wp\/v2\/posts\/5025","targetHints":{"allow":["GET"]}}],"collection":[{"href":"https:\/\/areabadalona.com\/diario\/wp-json\/wp\/v2\/posts"}],"about":[{"href":"https:\/\/areabadalona.com\/diario\/wp-json\/wp\/v2\/types\/post"}],"author":[{"embeddable":true,"href":"https:\/\/areabadalona.com\/diario\/wp-json\/wp\/v2\/users\/2"}],"replies":[{"embeddable":true,"href":"https:\/\/areabadalona.com\/diario\/wp-json\/wp\/v2\/comments?post=5025"}],"version-history":[{"count":1,"href":"https:\/\/areabadalona.com\/diario\/wp-json\/wp\/v2\/posts\/5025\/revisions"}],"predecessor-version":[{"id":5027,"href":"https:\/\/areabadalona.com\/diario\/wp-json\/wp\/v2\/posts\/5025\/revisions\/5027"}],"wp:featuredmedia":[{"embeddable":true,"href":"https:\/\/areabadalona.com\/diario\/wp-json\/wp\/v2\/media\/5026"}],"wp:attachment":[{"href":"https:\/\/areabadalona.com\/diario\/wp-json\/wp\/v2\/media?parent=5025"}],"wp:term":[{"taxonomy":"category","embeddable":true,"href":"https:\/\/areabadalona.com\/diario\/wp-json\/wp\/v2\/categories?post=5025"},{"taxonomy":"post_tag","embeddable":true,"href":"https:\/\/areabadalona.com\/diario\/wp-json\/wp\/v2\/tags?post=5025"}],"curies":[{"name":"wp","href":"https:\/\/api.w.org\/{rel}","templated":true}]}}