{"id":5013,"date":"2023-03-22T09:18:27","date_gmt":"2023-03-22T09:18:27","guid":{"rendered":"https:\/\/areabadalona.com\/diario\/?p=5013"},"modified":"2023-03-22T09:18:27","modified_gmt":"2023-03-22T09:18:27","slug":"el-parc-de-can-solei-i-de-ca-larnus-acull-divendres-la-badaorientacio-una-activitat-del-badasport-que-promou-la-practica-de-lesport-escolar-a-badalona","status":"publish","type":"post","link":"https:\/\/areabadalona.com\/diario\/2023\/03\/22\/el-parc-de-can-solei-i-de-ca-larnus-acull-divendres-la-badaorientacio-una-activitat-del-badasport-que-promou-la-practica-de-lesport-escolar-a-badalona\/","title":{"rendered":"El parc de Can Solei i de Ca l\u2019Arn\u00fas acull divendres la Badaorientaci\u00f3 una activitat del Badasport que promou la pr\u00e0ctica de l\u2019esport escolar a Badalona\u00a0"},"content":{"rendered":"\n<p>El <strong>parc de Can Solei i Ca l\u2019Arn\u00fas<\/strong>, acull aquest <strong>divendres, 24 de mar\u00e7, de 10 a 12 hores<\/strong>, una nova edici\u00f3 de la Badaorientaci\u00f3, la quarta activitat del Badasport, que consisteix en diferents proves d\u2019orientaci\u00f3 que es fan per diversos camins i espais del parc. En aquesta activitat hi participen, al mateix dia, 1.100 nois i noies de quart de prim\u00e0ria de trenta-sis escoles de la ciutat.&nbsp;<\/p>\n\n\n\n<p>El Badasport continuar\u00e0 al llarg del curs amb dues activitats m\u00e9s: el Badajoc (del 22 al 26 de maig tamb\u00e9 al parc de Can Solei i de Ca l\u2019Arn\u00fas) i el Badaplatja (del 12 al 16 de juny, a la platja dels Pescadors).&nbsp;<\/p>\n\n\n\n<p>El Badasport 2022-23 est\u00e0 organitzat pel Grup de Treball de Mestres d\u2019Educaci\u00f3 F\u00edsica de Badalona, el Centre de Recursos Pedag\u00f2gics i els Serveis d\u2019Educaci\u00f3 i d\u2019Esports de l\u2019Ajuntament de Badalona, amb la col\u00b7laboraci\u00f3 de la Uni\u00f3 Gimn\u00e0stica i Esportiva de Badalona, el Club de Bitlles Catalanes Termites Llefi\u00e0, el Club d\u2019Hoquei Sant Josep, els Instituts Barres i Ones, La Pineda i La Riera, el Club Korfbal Badalona-La Rotllana, la Federaci\u00f3 Catalana de Korfbal i l&#8217;\u00c0rea de Medi Ambient i Sostenibilitat de l&#8217;Ajuntament de Badalona.&nbsp;<\/p>\n","protected":false},"excerpt":{"rendered":"<p>El parc de Can Solei i Ca l\u2019Arn\u00fas, acull aquest divendres, 24 de mar\u00e7, de 10 a 12 hores, una nova edici\u00f3 de la Badaorientaci\u00f3, la quarta activitat del Badasport, que consisteix en diferents proves d\u2019orientaci\u00f3 que es fan per diversos camins i espais del parc. En aquesta activitat hi participen, al mateix dia, 1.100 [&hellip;]<\/p>\n","protected":false},"author":2,"featured_media":5014,"comment_status":"open","ping_status":"open","sticky":false,"template":"","format":"standard","meta":{"footnotes":""},"categories":[23],"tags":[],"class_list":{"0":"post-5013","1":"post","2":"type-post","3":"status-publish","4":"format-standard","5":"has-post-thumbnail","7":"category-actualitat"},"_links":{"self":[{"href":"https:\/\/areabadalona.com\/diario\/wp-json\/wp\/v2\/posts\/5013","targetHints":{"allow":["GET"]}}],"collection":[{"href":"https:\/\/areabadalona.com\/diario\/wp-json\/wp\/v2\/posts"}],"about":[{"href":"https:\/\/areabadalona.com\/diario\/wp-json\/wp\/v2\/types\/post"}],"author":[{"embeddable":true,"href":"https:\/\/areabadalona.com\/diario\/wp-json\/wp\/v2\/users\/2"}],"replies":[{"embeddable":true,"href":"https:\/\/areabadalona.com\/diario\/wp-json\/wp\/v2\/comments?post=5013"}],"version-history":[{"count":1,"href":"https:\/\/areabadalona.com\/diario\/wp-json\/wp\/v2\/posts\/5013\/revisions"}],"predecessor-version":[{"id":5015,"href":"https:\/\/areabadalona.com\/diario\/wp-json\/wp\/v2\/posts\/5013\/revisions\/5015"}],"wp:featuredmedia":[{"embeddable":true,"href":"https:\/\/areabadalona.com\/diario\/wp-json\/wp\/v2\/media\/5014"}],"wp:attachment":[{"href":"https:\/\/areabadalona.com\/diario\/wp-json\/wp\/v2\/media?parent=5013"}],"wp:term":[{"taxonomy":"category","embeddable":true,"href":"https:\/\/areabadalona.com\/diario\/wp-json\/wp\/v2\/categories?post=5013"},{"taxonomy":"post_tag","embeddable":true,"href":"https:\/\/areabadalona.com\/diario\/wp-json\/wp\/v2\/tags?post=5013"}],"curies":[{"name":"wp","href":"https:\/\/api.w.org\/{rel}","templated":true}]}}