{"id":5010,"date":"2023-03-22T09:13:11","date_gmt":"2023-03-22T09:13:11","guid":{"rendered":"https:\/\/areabadalona.com\/diario\/?p=5010"},"modified":"2023-03-22T09:13:12","modified_gmt":"2023-03-22T09:13:12","slug":"la-remodelacio-del-barri-de-sant-crist-de-badalona-sinicia-amb-la-construccio-de-24-habitatges","status":"publish","type":"post","link":"https:\/\/areabadalona.com\/diario\/2023\/03\/22\/la-remodelacio-del-barri-de-sant-crist-de-badalona-sinicia-amb-la-construccio-de-24-habitatges\/","title":{"rendered":"La remodelaci\u00f3 del barri de Sant Crist de Badalona s\u2019inicia amb la construcci\u00f3 de 24 habitatges\u00a0"},"content":{"rendered":"\n<p>El conseller de Territori de la Generalitat, Juli Fern\u00e0ndez, i l\u2019alcalde de Badalona, Rub\u00e9n Guijarro, acompanyats de la directora de l\u2019Institut Catal\u00e0 del S\u00f2l (INCAS\u00d2L), Maria Sisternas i Tusell; de la presidenta i del gerent del Consorci urban\u00edstic per al desenvolupament de les \u00e0rees residencials estrat\u00e8giques de l\u2019Estrella i Sant Crist de Badalona, Teresa Gonz\u00e1lez Moreno i Francesc L\u00f3pez Guardiola, respectivament, aix\u00ed com regidors i regidores de l\u2019Ajuntament, han visitat avui els terrenys on es construir\u00e0 el primer edifici per reallotjar les persones afectades per l\u2019\u00c0rea Residencial Estrat\u00e8gica (ARE) Sant Crist de Badalona i per la construcci\u00f3 dels laterals de la C-31.&nbsp;<\/p>\n\n\n\n<p>El Govern impulsa la remodelaci\u00f3 del barri de Sant Crist de Badalona amb la pr\u00f2xima construcci\u00f3 d\u2019un bloc de 24 habitatges protegits que es destinaran a reallotjament d\u2019afectats. Un cop constru\u00efts els pisos, s\u2019enderrocaran els edificis on vivien els afectats, alliberant aix\u00ed l\u2019espai necessari per construir el futur lateral de la C-31 i l\u2019\u00c0rea Residencial Estrat\u00e8gica (ARE) de Sant Crist. Aquesta ARE tindr\u00e0 un total de 215 habitatges, tots protegits, que construir\u00e0 el Consorci que integren l\u2019Ajuntament de Badalona i l\u2019INCAS\u00d2L.&nbsp;<\/p>\n\n\n\n<p>El Consorci urban\u00edstic per al desenvolupament de les \u00e0rees residencials estrat\u00e8giques de l\u2019Estrella i Sant Crist de Badalona, integrat per l\u2019Ajuntament de Badalona i l\u2019INCAS\u00d2L, \u00e9s l\u2019administraci\u00f3 actuant encarregada de l\u2019expropiaci\u00f3 de les finques incloses al Sant Crist.&nbsp;<\/p>\n\n\n\n<p>El conseller ha posat en valor l\u2019actuaci\u00f3 \u201cperqu\u00e8 estem davant d\u2019una realitat: l\u2019inici de la millora del barri de Sant Crist. La construcci\u00f3 d\u2019aquest nou bloc de pisos \u00e9s una pe\u00e7a indispensable perqu\u00e8 es pugui produir tota la resta de la remodelaci\u00f3 del barri i aix\u00f2 far\u00e0 que tinguem habitatge, que tinguem un espai p\u00fablic digne, una continu\u00eftat del barri en aquests entorns i, per tant, una millora evident per a la vida dels ve\u00efns i ve\u00efnes\u201d.&nbsp;<\/p>\n\n\n\n<p>Per a Fern\u00e0ndez, \u201cl\u2019habitatge \u00e9s una de les prioritats del Govern, sobretot a l\u2019\u00e0rea metropolitana de Barcelona. I aqu\u00ed a Badalona tenim dos espais, Sant Crist i el barri de l\u2019Estrella, on tindrem la capacitat de generar 400 pisos de lloguer assequible. Amb aquestes actuacions, fem efectiu el dret a l\u2019habitatge per a tothom\u201d.&nbsp;<\/p>\n\n\n\n<p>L\u2019alcalde de Badalona, Rub\u00e9n Guijarro, ha destacat que: \u201cavui per fi, despr\u00e9s de molts anys esperant, ha arribat el moment de donar un pas m\u00e9s en l\u2019execuci\u00f3 d\u2019aquest gran projecte per a Sant Crist, avancem i comencem a donar soluci\u00f3 a una demanda hist\u00f2rica\u201d. L\u2019alcalde ha afegit que: \u201cla millora de la mobilitat a Badalona passa per aquesta reforma, per fi podrem comunicar de nord a sud tots els barris de la ciutat\u201d. &nbsp;<\/p>\n\n\n\n<p>*L\u2019alcalde ha reclamat que \u201cvolem que el barri de Sant Crist disposi dels equipaments que mereix i que deixi de ser un barri oblidat per les administracions\u201d. En aquest sentit, Guijarro ha demanat que: \u201cla Generalitat s\u2019impliqui en la construcci\u00f3 del Centre d\u2019Assist\u00e8ncia Prim\u00e0ria que tant necessita el barri\u201d i aix\u00ed mateix ha afegit que \u201ccal que el Govern executi la partida que hi ha destinada des de fa dos anys en els pressupostos de la Generalitat per reduir el soroll de la C-31 amb la instal\u00b7laci\u00f3 d\u2019un asfalt sonoreductor i poder alleugerir les mol\u00e8sties que aquesta via causa als ve\u00efns\u201d.&nbsp;<\/p>\n\n\n\n<p><strong>Habitatges del passatge Fortuny&nbsp;<\/strong><\/p>\n\n\n\n<p>El Consorci ha encarregat a l\u2019INCAS\u00d2L la promoci\u00f3 de 24 habitatges al passatge Fortuny 5-7 per reallotjar les persones afectades per l\u2019expropiaci\u00f3 del s\u00f2l destinat a la construcci\u00f3 del lateral de l\u2019autopista C-31. Es preveu que les obres dels habitatges s\u2019inici\u00efn el proper mes de maig, amb un cost de 4,4 milions d\u2019euros i una durada de dos anys.&nbsp;<\/p>\n\n\n\n<p>El projecte ha estat redactat per Segu\u00ed arquitectura i Musquera arquitectura en col\u00b7laboraci\u00f3 amb Joan Zapata Lluch i de Israel de las Heras Bengoa i l\u2019enginyeria Sarpat de projectes. Tamb\u00e9 col\u00b7laboraran PACI Enginyers en la urbanitzaci\u00f3 de l\u2019entorn, i Israel de las Heras Bengoa i Sarpat de projectes en la construcci\u00f3 dels pisos.&nbsp;<\/p>\n\n\n\n<p>Els 24 habitatges tindran entre 45 i 75 m2, tots ells oberts a dues fa\u00e7anes, el que afavorir\u00e0 la seva ventilaci\u00f3 natural. L\u2019edifici disposar\u00e0 d\u2019un pati interior d\u2019\u00fas comunitari i plaques fotovoltaiques a la coberta per generar energia. A m\u00e9s, inclour\u00e0 24 places d\u2019aparcament per a cotxes, 13 per a motos, un aparcament de bicicletes i 24 trasters.&nbsp;<\/p>\n\n\n\n<p>L\u2019execuci\u00f3 del projecte comportar\u00e0 la urbanitzaci\u00f3 de l\u2019entorn, tot vetllant per l\u2019accessibilitat i incorporant espais verds en les connexions dels carrers. Aquesta urbanitzaci\u00f3 destinar\u00e0 a zona de joc infantil part de la connexi\u00f3 entre els carrers Casas i Amig\u00f3 i Montserrat, situada al darrere del nou edifici.&nbsp;<\/p>\n\n\n\n<p><strong>La remodelaci\u00f3 del barri&nbsp;<\/strong><\/p>\n\n\n\n<p>Aquesta nova promoci\u00f3 d\u2019habitatges se situar\u00e0 en un solar que l\u2019Ajuntament de Badalona va aportar al Consorci urban\u00edstic. Actualment, el solar \u00e9s el final del carrer Casas i Amig\u00f3, un cul-de-sac, i s\u2019usa com a zona d\u2019aparcament. Per salvar el desnivell d\u2019un pis d\u2019al\u00e7ada, el carrer connecta amb el passatge Fortuny a trav\u00e9s d\u2019una escala encastada al mur de contenci\u00f3. Atendre aquest desnivell \u00e9s, doncs, un dels principals reptes dels projectes d\u2019edificaci\u00f3 i urbanitzaci\u00f3. No nom\u00e9s s\u2019ha de salvar la difer\u00e8ncia entre el passatge Fortuny i l\u2019inici del carrer Casas i Amig\u00f3, sin\u00f3 que tamb\u00e9 s\u2019ha de tenir en compte que entre l\u2019extrem nord i el sud del solar hi ha un desnivell d\u2019unes tres plantes d\u2019al\u00e7ada.&nbsp;<\/p>\n\n\n\n<p>Per salvar el desnivell, l\u2019edifici tindr\u00e0 dos vest\u00edbuls, un a la cota m\u00e9s alta i l\u2019altre a la m\u00e9s baixa. A m\u00e9s, s\u2019inclouran escales, rampes i un ascensor per millorar l\u2019accessibilitat de la zona i poder connectar el passatge Fortuny, el carrer Casas i Amig\u00f3 i el carrer Montserrat.&nbsp;<\/p>\n\n\n\n<p>Una vegada traslladats els ve\u00efns de Sant Crist amb dret de reallotjament al nou edifici, el Consorci enderrocar\u00e0 els habitatges desocupats per alliberar l\u2019espai i iniciar\u00e0 la urbanitzaci\u00f3 del barri. Aix\u00ed es generaran les parcel\u00b7les on es construiran els habitatges protegits, i es facilitar\u00e0 la construcci\u00f3 del lateral de la C-31. Fins ara, el Consorci ja ha enderrocat dos edificis unifamiliars i en aquests moments est\u00e0 enderrocant uns altres tres habitatges que ha adquirit.&nbsp;<\/p>\n\n\n\n<p>Actualment el Consorci, mitjan\u00e7ant enc\u00e0rrec a l\u2019INCAS\u00d2L, est\u00e0 redactant el projecte de taxaci\u00f3 conjunta de les finques incloses dins de l\u2019ARE del Sant Crist, que es preveu completar dins d\u2019aquest semestre.&nbsp;<\/p>\n\n\n\n<p><strong>L\u2019ARE de Sant Crist&nbsp;<\/strong><\/p>\n\n\n\n<p>Les ARE es van concebre com a nous eixamples a les principals ciutats catalanes, dotats d\u2019habitatges, tant lliures com amb diferents r\u00e8gims de protecci\u00f3, equipaments, zones verdes i espais p\u00fablics de qualitat. A Badalona s\u2019hi van preveure dues ARE, la de l\u2019Estrella i la de Sant Crist, situada al nord-oest de la ciutat. En aquest darrer cas, hi preveia 176 habitatges, tots amb algun r\u00e8gim de protecci\u00f3, que suposaven una densitat de 122 habitatges per hect\u00e0rea.&nbsp;<\/p>\n\n\n\n<p>Posteriorment, es va elevar aquesta densitat per incrementar fins a 215 el n\u00famero de pisos protegits, i aix\u00ed donar resposta a les necessitats d\u2019acc\u00e9s a un habitatge assequible, sense incrementar el sostre total de l\u2019ARE. A m\u00e9s de contribuir al reequilibri social, tamb\u00e9 es vol consolidar el barri de Sant Crist en la seva fa\u00e7ana a la C-31, generant espai p\u00fablic de qualitat i esponjant tota l\u2019\u00e0rea.&nbsp;<\/p>\n\n\n\n<p>Aix\u00ed, l\u2019ARE tindr\u00e0 un front d\u2019illes obertes que alternar\u00e0 edificis alineats a la C-31 i als carrers perpendiculars a la mateixa amb uns espais verds de nova creaci\u00f3. La disposici\u00f3 dels blocs de pisos millorar\u00e0 les tipologies dels habitatges, que gaudiran de m\u00e9s superf\u00edcie de fa\u00e7ana a l\u2019exterior i diferents orientacions.&nbsp; Al llarg del front de la C-31, per tant, s\u2019alternaran edificis de 3 i 7 plantes.&nbsp;<\/p>\n\n\n\n<p>Tamb\u00e9 es generaran dos nous pols d\u2019activitat en el barri de Sant Crist situant en els extrems de l\u2019ARE unes illes on es combinen zones verdes, equipaments i sostre residencial. D\u2019una banda, es dibuixa una gran zona verda a l\u2019extrem sud-oest del sector, confrontant la rambla de Sant Joan, que ser\u00e0 la porta d\u2019entrada al barri de Sant Crist des del centre de Badalona. D\u2019una altra, la zona verda existent a l\u2019extrem nord-est del sector, a la cantonada entre els carrers de la Selva i d\u2019\u00c0gueda Mompel, es reurbanitzar\u00e0 i quedar\u00e0 vinculada a l\u2019equipament situat a la planta baixa de l\u2019edifici d\u2019habitatges de la mateixa illa. D\u2019aquesta manera es generar\u00e0 un altre pol d\u2019activitat dins del barri que es refor\u00e7ar\u00e0 amb el sostre comercial de l\u2019edifici confrontant. &nbsp;<\/p>\n\n\n\n<p>Es disposen quatre petites zones verdes al llarg de l\u2019\u00e0mbit, entre el carrer de G\u00f3ngora i el carrer d\u2019\u00c0gueda Mompel. Aquestes zones verdes s\u00f3n les que se situen a la fa\u00e7ana a la C-31, alternant-se amb els futurs edificis d\u2019habitatges, dotant el barri de nous espais lliures de proximitat per als ve\u00efns i fent-lo m\u00e9s permeable. Finalment, es preveuen dos equipaments p\u00fablics enlloc d\u2019un, l\u2019\u00fas dels quals es determinar\u00e0 en funci\u00f3 de les necessitats municipals.&nbsp;<\/p>\n\n\n\n<p>L\u2019ARE Sant Crist es recolza principalment en el carrer de l\u2019Abat Escarr\u00e9, que modificar\u00e0 la seva secci\u00f3 amb el&nbsp; projecte del nou lateral de la C-31. La pendent en sentit nord-oest del barri fa que els vials que conflueixen en aquest lateral de l\u2019autopista tinguin grans desnivells. La modificaci\u00f3 de l\u2019ARE soluciona aquest fet mitjan\u00e7ant la restricci\u00f3 de vehicles i l\u2019adaptaci\u00f3 carrer per carrer al desnivell, amb escales on el pendent \u00e9s m\u00e9s fort i amb rampes on \u00e9s m\u00e9s suau.&nbsp;<\/p>\n","protected":false},"excerpt":{"rendered":"<p>El conseller de Territori de la Generalitat, Juli Fern\u00e0ndez, i l\u2019alcalde de Badalona, Rub\u00e9n Guijarro, acompanyats de la directora de l\u2019Institut Catal\u00e0 del S\u00f2l (INCAS\u00d2L), Maria Sisternas i Tusell; de la presidenta i del gerent del Consorci urban\u00edstic per al desenvolupament de les \u00e0rees residencials estrat\u00e8giques de l\u2019Estrella i Sant Crist de Badalona, Teresa Gonz\u00e1lez [&hellip;]<\/p>\n","protected":false},"author":2,"featured_media":5011,"comment_status":"open","ping_status":"open","sticky":false,"template":"","format":"standard","meta":{"footnotes":""},"categories":[23],"tags":[],"class_list":{"0":"post-5010","1":"post","2":"type-post","3":"status-publish","4":"format-standard","5":"has-post-thumbnail","7":"category-actualitat"},"_links":{"self":[{"href":"https:\/\/areabadalona.com\/diario\/wp-json\/wp\/v2\/posts\/5010","targetHints":{"allow":["GET"]}}],"collection":[{"href":"https:\/\/areabadalona.com\/diario\/wp-json\/wp\/v2\/posts"}],"about":[{"href":"https:\/\/areabadalona.com\/diario\/wp-json\/wp\/v2\/types\/post"}],"author":[{"embeddable":true,"href":"https:\/\/areabadalona.com\/diario\/wp-json\/wp\/v2\/users\/2"}],"replies":[{"embeddable":true,"href":"https:\/\/areabadalona.com\/diario\/wp-json\/wp\/v2\/comments?post=5010"}],"version-history":[{"count":1,"href":"https:\/\/areabadalona.com\/diario\/wp-json\/wp\/v2\/posts\/5010\/revisions"}],"predecessor-version":[{"id":5012,"href":"https:\/\/areabadalona.com\/diario\/wp-json\/wp\/v2\/posts\/5010\/revisions\/5012"}],"wp:featuredmedia":[{"embeddable":true,"href":"https:\/\/areabadalona.com\/diario\/wp-json\/wp\/v2\/media\/5011"}],"wp:attachment":[{"href":"https:\/\/areabadalona.com\/diario\/wp-json\/wp\/v2\/media?parent=5010"}],"wp:term":[{"taxonomy":"category","embeddable":true,"href":"https:\/\/areabadalona.com\/diario\/wp-json\/wp\/v2\/categories?post=5010"},{"taxonomy":"post_tag","embeddable":true,"href":"https:\/\/areabadalona.com\/diario\/wp-json\/wp\/v2\/tags?post=5010"}],"curies":[{"name":"wp","href":"https:\/\/api.w.org\/{rel}","templated":true}]}}