{"id":5007,"date":"2023-03-21T16:31:08","date_gmt":"2023-03-21T16:31:08","guid":{"rendered":"https:\/\/areabadalona.com\/diario\/?p=5007"},"modified":"2023-03-21T16:31:09","modified_gmt":"2023-03-21T16:31:09","slug":"el-festival-blues-ritmes-de-badalona-estrena-aquesta-edicio-un-concert-pensat-per-a-gaudir-en-familia","status":"publish","type":"post","link":"https:\/\/areabadalona.com\/diario\/2023\/03\/21\/el-festival-blues-ritmes-de-badalona-estrena-aquesta-edicio-un-concert-pensat-per-a-gaudir-en-familia\/","title":{"rendered":"El Festival Blues &amp; Ritmes de Badalona estrena aquesta edici\u00f3 un concert pensat per a gaudir en fam\u00edlia\u00a0"},"content":{"rendered":"\n<p>Aquest cap de setmana comen\u00e7a una nova edici\u00f3 del festival Blues &amp; Ritmes de Badalona, que presenta aquest any, del 25 de mar\u00e7 a l&#8217;1 d&#8217;abril, quatre concerts al Teatre Margarida Xirgu amb els ingredients de sempre: m\u00e0xima exig\u00e8ncia art\u00edstica i propostes singulars dif\u00edcils de veure als escenaris catalans.&nbsp;<\/p>\n\n\n\n<p>L\u2019edici\u00f3 d\u2019enguany del festival arriba amb una gran novetat, l\u2019estrena d\u2019un nou format de concert familiar perqu\u00e8 les noves generacions comencin a con\u00e8ixer tot el ventall de m\u00fasiques del m\u00f3n que ofereix el Blues &amp; Ritmes. La jove banda de g\u00f2spel novaiorquesa The Harlem Gospel Travelers ser\u00e0 l\u2019encarregada de crear l\u2019atmosfera ideal perqu\u00e8 tota la fam\u00edlia gaudeixi ballant, cantant i picant de mans la tarda d&#8217;aquest diumenge 26 de mar\u00e7 a les 18 hores. Per ambientar l\u2019actuaci\u00f3, s&#8217;adaptar\u00e0 l&#8217;espai i es crearan diverses accions i activitats per tal que grans i petits puguin gaudir al m\u00e0xim d&#8217;aquesta nova proposta.&nbsp;<\/p>\n\n\n\n<p>Abans del concert de diumenge, sis anys despr\u00e9s del seu debut al Blues &amp; Ritmes, el tex\u00e0 Alejandro Escovedo obrir\u00e0 el festival aquest dissabte 25 de mar\u00e7 a les 20 hores amb un concert a peu dret al Teatre Margarida Xirgu. L\u2019artista no vindr\u00e0 pas amb la idea de presentar cap nou disc, sin\u00f3 d\u2019oferir, per primera vegada a Europa i en rigorosa exclusiva per al festival, un espectacle \u00edntegrament dedicat a les can\u00e7ons d\u2019Ian Hunter, emin\u00e8ncia del rock brit\u00e0nic. Per aquest homenatge, l\u2019artista es far\u00e0 acompanyar del grup de m\u00fasics amb qui ha estat girant i gravant discos durant el nou mil\u00b7lenni: la totpoderosa Rant Band.&nbsp;<\/p>\n\n\n\n<p>El festival continuar\u00e0 divendres 31 de mar\u00e7 a les 20 hores amb l\u2019actuaci\u00f3 dels germans Kitty, Daisy &amp; Lewis, una barreja explosiva de rockabilly, swing, blues, country i rock &amp; roll. Amb aquesta actuaci\u00f3 els brit\u00e0nics faran finalment l\u2019esperat concert que el mar\u00e7 del 2020 la pand\u00e8mia va frustrar.&nbsp;<\/p>\n\n\n\n<p>Dissabte 1 d\u2019abril a les 20 hores es clour\u00e0 el festival amb North Mississippi Allstars Duo, el t\u00e0ndem format pels germans Dickinson que venen a presentar el seu tretz\u00e8 treball <em>Set Sail<\/em>, nominat als Grammy 2023 com a millor disc de blues contemporani.&nbsp;<\/p>\n\n\n\n<p><strong>Blues &amp; Ritmes&nbsp;<\/strong><\/p>\n\n\n\n<p>El Blues &amp; Ritmes va ser un dels primers festivals de la pen\u00ednsula a programar blues i m\u00fasiques del m\u00f3n. Ecl\u00e8ctic per definici\u00f3, el festival dona cabuda a tota mena d\u2019estils, des del soul al blues, passant per l\u2019anomenada <em>world music<\/em>, amb una atenci\u00f3 a les m\u00fasiques d\u2019arrels i les sonoritats afroamericanes. Amb una llunyana primera edici\u00f3, l\u2019estiu del 1989 al Parc de Can Solei, i amb el Teatre Zorrilla -i, m\u00e9s tard, el Principal, ara Margarida Xirgu- com a seus del festival des de fa vint anys, el Blues &amp; Ritmes ha brindat un munt de nits memorables (Albert King, George Clinton, Booker T &amp; The Mgs, Rosanne Cash, Randy Newman) als mel\u00f2mans m\u00e9s exigents de la ciutat i als que, any rere any, ens visiten de la resta de Catalunya i, fins i tot, de m\u00e9s enll\u00e0.&nbsp;<\/p>\n\n\n\n<p>Consulteu <a href=\"https:\/\/teatrezorrilla.cat\/wordpress\/wp-content\/uploads\/PROGRAMA-BLUES-I-RITMES-2023.pdf\">aqu\u00ed<\/a> el programa del festival.&nbsp;<\/p>\n\n\n\n<p><strong>Entrades&nbsp;<\/strong><\/p>\n\n\n\n<p>Les entrades dels concerts estan a la venda a trav\u00e9s de la <a href=\"http:\/\/www.teatrezorrilla.cat\/\">p\u00e0gina web del Teatre Zorrilla \u2013 Centre d\u2019Arts Esc\u00e8niques de Badalona.<\/a>&nbsp;<\/p>\n","protected":false},"excerpt":{"rendered":"<p>Aquest cap de setmana comen\u00e7a una nova edici\u00f3 del festival Blues &amp; Ritmes de Badalona, que presenta aquest any, del 25 de mar\u00e7 a l&#8217;1 d&#8217;abril, quatre concerts al Teatre Margarida Xirgu amb els ingredients de sempre: m\u00e0xima exig\u00e8ncia art\u00edstica i propostes singulars dif\u00edcils de veure als escenaris catalans.&nbsp; L\u2019edici\u00f3 d\u2019enguany del festival arriba amb [&hellip;]<\/p>\n","protected":false},"author":1,"featured_media":5008,"comment_status":"open","ping_status":"open","sticky":false,"template":"","format":"standard","meta":{"footnotes":""},"categories":[25],"tags":[],"class_list":{"0":"post-5007","1":"post","2":"type-post","3":"status-publish","4":"format-standard","5":"has-post-thumbnail","7":"category-cultura"},"_links":{"self":[{"href":"https:\/\/areabadalona.com\/diario\/wp-json\/wp\/v2\/posts\/5007","targetHints":{"allow":["GET"]}}],"collection":[{"href":"https:\/\/areabadalona.com\/diario\/wp-json\/wp\/v2\/posts"}],"about":[{"href":"https:\/\/areabadalona.com\/diario\/wp-json\/wp\/v2\/types\/post"}],"author":[{"embeddable":true,"href":"https:\/\/areabadalona.com\/diario\/wp-json\/wp\/v2\/users\/1"}],"replies":[{"embeddable":true,"href":"https:\/\/areabadalona.com\/diario\/wp-json\/wp\/v2\/comments?post=5007"}],"version-history":[{"count":1,"href":"https:\/\/areabadalona.com\/diario\/wp-json\/wp\/v2\/posts\/5007\/revisions"}],"predecessor-version":[{"id":5009,"href":"https:\/\/areabadalona.com\/diario\/wp-json\/wp\/v2\/posts\/5007\/revisions\/5009"}],"wp:featuredmedia":[{"embeddable":true,"href":"https:\/\/areabadalona.com\/diario\/wp-json\/wp\/v2\/media\/5008"}],"wp:attachment":[{"href":"https:\/\/areabadalona.com\/diario\/wp-json\/wp\/v2\/media?parent=5007"}],"wp:term":[{"taxonomy":"category","embeddable":true,"href":"https:\/\/areabadalona.com\/diario\/wp-json\/wp\/v2\/categories?post=5007"},{"taxonomy":"post_tag","embeddable":true,"href":"https:\/\/areabadalona.com\/diario\/wp-json\/wp\/v2\/tags?post=5007"}],"curies":[{"name":"wp","href":"https:\/\/api.w.org\/{rel}","templated":true}]}}