{"id":5004,"date":"2023-03-21T13:02:26","date_gmt":"2023-03-21T13:02:26","guid":{"rendered":"https:\/\/areabadalona.com\/diario\/?p=5004"},"modified":"2023-03-21T13:02:27","modified_gmt":"2023-03-21T13:02:27","slug":"la-torxa-dels-jocs-special-olympics-2023-recorrera-badalona-aquest-dijous-23-de-marc-acompanyada-per-esportistes-de-diferents-entitats-de-la-ciutat","status":"publish","type":"post","link":"https:\/\/areabadalona.com\/diario\/2023\/03\/21\/la-torxa-dels-jocs-special-olympics-2023-recorrera-badalona-aquest-dijous-23-de-marc-acompanyada-per-esportistes-de-diferents-entitats-de-la-ciutat\/","title":{"rendered":"La torxa dels Jocs Special Olympics 2023 recorrer\u00e0 Badalona aquest dijous 23 de mar\u00e7 acompanyada per esportistes de diferents entitats de la ciutat\u00a0"},"content":{"rendered":"\n<p>Badalona acollir\u00e0 aquest dijous 23 de mar\u00e7 el pas de la torxa dels Jocs Special Olympics 2023. El recorregut de la flama comen\u00e7ar\u00e0 a les 18.30 hores, al passeig Mar\u00edtim, a l\u2019al\u00e7ada del carrer Mar Tirrena. L\u2019acompanyament de la torxa fins arribar a la pla\u00e7a de la Vila el faran esportistes que participaran als Jocs Special Olympics, els quals tindran al seu costat fent els relleus a esportistes de diverses entitats de la ciutat: Club Nataci\u00f3 Badalona, Beach Tennis Club Badalona, Club de Rem Badalona, Club N\u00e0utic B\u00e9tulo, Rugby Club Badalona, Futsal Iris Badalona, Club Joventut Badalona, Dracs Badalona i Club de Futbol Badalona.&nbsp;<\/p>\n\n\n\n<p>A la pla\u00e7a de la Vila, cap a les 19 hores, aproximadament, es dur\u00e0 a terme l\u2019acte simb\u00f2lic d\u2019encesa del peveter i les autoritats faran els parlaments. Tamb\u00e9 hi ser\u00e0 present Nuc, la mascota d\u2019aquesta edici\u00f3 i hi haur\u00e0 una actuaci\u00f3 musical. &nbsp;<\/p>\n\n\n\n<p>La quarta tinenta d\u2019alcaldia i regidora de l\u2019\u00c0mbit de Territori, Habitatge, Esports i Salut, Teresa Gonz\u00e1lez, ha indicat: \u201cAmb aquest acte Badalona vol donar suport als jocs i mostrar el seu comprom\u00eds amb l\u2019esport i els seus valors\u201d. La regidora ha recordat que Badalona va acollir aquest esdeveniment l\u2019any 2004 i ha afirmat: \u201cCada nova edici\u00f3 dels Jocs Special Olympics ens demostren que les persones amb discapacitat intel\u00b7lectual que hi participen i les fam\u00edlies que els acompanyen s\u00f3n un exemple de superaci\u00f3 i de perseveran\u00e7a en l\u2019objectiu de promoure la igualtat i la inclusi\u00f3\u201d. &nbsp;<\/p>\n\n\n\n<p>Granollers \u00e9s la seu enguany dels Jocs Special Olympics que se celebraran del 30 de mar\u00e7 al 2 d\u2019abril. Es tracta d\u2019un dels esdeveniments esportius d\u2019\u00e0mbit internacional m\u00e9s importants per als esportistes amb discapacitat intel\u00b7lectual. Aquests jocs se celebren un cop cada quatre anys.&nbsp;<\/p>\n\n\n\n<p>Podeu consultar el recorregut que far\u00e0 la torxa dels Jocs Special Olympics a Badalona en aquest enlla\u00e7: <a href=\"https:\/\/bit.ly\/3ZVIWy5\">https:\/\/bit.ly\/3ZVIWy5<\/a>&nbsp;<\/p>\n","protected":false},"excerpt":{"rendered":"<p>Badalona acollir\u00e0 aquest dijous 23 de mar\u00e7 el pas de la torxa dels Jocs Special Olympics 2023. El recorregut de la flama comen\u00e7ar\u00e0 a les 18.30 hores, al passeig Mar\u00edtim, a l\u2019al\u00e7ada del carrer Mar Tirrena. L\u2019acompanyament de la torxa fins arribar a la pla\u00e7a de la Vila el faran esportistes que participaran als Jocs [&hellip;]<\/p>\n","protected":false},"author":2,"featured_media":5005,"comment_status":"open","ping_status":"open","sticky":false,"template":"","format":"standard","meta":{"footnotes":""},"categories":[23,26],"tags":[],"class_list":{"0":"post-5004","1":"post","2":"type-post","3":"status-publish","4":"format-standard","5":"has-post-thumbnail","7":"category-actualitat","8":"category-esports"},"_links":{"self":[{"href":"https:\/\/areabadalona.com\/diario\/wp-json\/wp\/v2\/posts\/5004","targetHints":{"allow":["GET"]}}],"collection":[{"href":"https:\/\/areabadalona.com\/diario\/wp-json\/wp\/v2\/posts"}],"about":[{"href":"https:\/\/areabadalona.com\/diario\/wp-json\/wp\/v2\/types\/post"}],"author":[{"embeddable":true,"href":"https:\/\/areabadalona.com\/diario\/wp-json\/wp\/v2\/users\/2"}],"replies":[{"embeddable":true,"href":"https:\/\/areabadalona.com\/diario\/wp-json\/wp\/v2\/comments?post=5004"}],"version-history":[{"count":1,"href":"https:\/\/areabadalona.com\/diario\/wp-json\/wp\/v2\/posts\/5004\/revisions"}],"predecessor-version":[{"id":5006,"href":"https:\/\/areabadalona.com\/diario\/wp-json\/wp\/v2\/posts\/5004\/revisions\/5006"}],"wp:featuredmedia":[{"embeddable":true,"href":"https:\/\/areabadalona.com\/diario\/wp-json\/wp\/v2\/media\/5005"}],"wp:attachment":[{"href":"https:\/\/areabadalona.com\/diario\/wp-json\/wp\/v2\/media?parent=5004"}],"wp:term":[{"taxonomy":"category","embeddable":true,"href":"https:\/\/areabadalona.com\/diario\/wp-json\/wp\/v2\/categories?post=5004"},{"taxonomy":"post_tag","embeddable":true,"href":"https:\/\/areabadalona.com\/diario\/wp-json\/wp\/v2\/tags?post=5004"}],"curies":[{"name":"wp","href":"https:\/\/api.w.org\/{rel}","templated":true}]}}