{"id":5001,"date":"2023-03-21T13:00:15","date_gmt":"2023-03-21T13:00:15","guid":{"rendered":"https:\/\/areabadalona.com\/diario\/?p=5001"},"modified":"2023-03-21T13:00:15","modified_gmt":"2023-03-21T13:00:15","slug":"presentat-el-projecte-per-reurbanitzar-lavinguda-sant-salvador-de-badalona","status":"publish","type":"post","link":"https:\/\/areabadalona.com\/diario\/2023\/03\/21\/presentat-el-projecte-per-reurbanitzar-lavinguda-sant-salvador-de-badalona\/","title":{"rendered":"Presentat el projecte per reurbanitzar l\u2019avinguda Sant Salvador de Badalona \u00a0"},"content":{"rendered":"\n<p>L\u2019alcalde de Badalona, Rub\u00e9n Guijarro, va presentar aquest dilluns a la tarda al Centre C\u00edvic Torre Mena el projecte de reurbanitzaci\u00f3 de l\u2019avinguda de Sant Salvador i la cru\u00eflla del carrer Guasch, en el tram compr\u00e8s entre la carretera de Santa Coloma i la pla\u00e7a Trafalgar. L\u2019actuaci\u00f3, de la qual ja es va presentar el projecte executiu el passat mes de febrer, permetr\u00e0 ampliar l\u2019espai destinat als vianants i comporta millores de la mobilitat i l\u2019accessibilitat de l\u2019entorn. &nbsp;<\/p>\n\n\n\n<p>En total es reurbanitzar\u00e0 una \u00e0rea de 8100 metres quadrats amb la voluntat de posar a les persones en el centre del nou espai p\u00fablic. En aquest sentit, est\u00e0 previst reduir els vials dels vehicles, fer m\u00e9s grans les \u00e0rees destinades als vianants i millorar la connexi\u00f3 entre d\u2019aquests espais per afavorir l\u2019\u00fas social espontani del carrer. Tamb\u00e9 es renovar\u00e0 la vegetaci\u00f3 i s\u2019introduir\u00e0 de nova amb l\u2019objectiu de, juntament amb la instal\u00b7laci\u00f3 de p\u00e8rgoles al llarg de la nova rambla, aconseguir m\u00e9s espais amb ombra on els ve\u00efns puguin resguardar-se del sol. El projecte inclou tamb\u00e9 la substituci\u00f3 de l\u2019actual enllumenat per fanals LED de baix consum que donaran una sensaci\u00f3 de major claredat a la zona.<\/p>\n\n\n\n<p>El projecte presentat contempla dues fases d\u2019execuci\u00f3 i compta amb un pressupost de 3.808.940 euros, una part del qual \u00e9s finan\u00e7at per l\u2019AMB mitjan\u00e7ant el vigent Programa d&#8217;actuacions de cohesi\u00f3 territorial (PACTE) 2020-2023. Un cop s\u2019hagi enllestit la licitaci\u00f3 de les obres, les actuacions podrien iniciar-se a principis de la tardor i estar acabades en un termini de 8 mesos. &nbsp;<\/p>\n\n\n\n<p>Durant la presentaci\u00f3 davant dels ve\u00efns del projecte executiu, l\u2019alcalde Rub\u00e9n Guijarro va destacar que \u201caquesta reurbanitzaci\u00f3 dignificar\u00e0 un espai p\u00fablic molt transitat pel ve\u00efnat de Llefi\u00e0 i comportar\u00e0 la remodelaci\u00f3 integral de tot el passeig, l\u2019eliminaci\u00f3 de totes les jardineres i la introducci\u00f3 de nou mobiliari urb\u00e0\u201d. \u201cAmb la nova avinguda Sant Salvador desbloquegem un projecte molt important per a la nostra ciutat i que fa temps que reclamen els ve\u00efns i ve\u00efnes de la zona\u201d va assegurar l\u2019alcalde. &nbsp;<\/p>\n","protected":false},"excerpt":{"rendered":"<p>L\u2019alcalde de Badalona, Rub\u00e9n Guijarro, va presentar aquest dilluns a la tarda al Centre C\u00edvic Torre Mena el projecte de reurbanitzaci\u00f3 de l\u2019avinguda de Sant Salvador i la cru\u00eflla del carrer Guasch, en el tram compr\u00e8s entre la carretera de Santa Coloma i la pla\u00e7a Trafalgar. L\u2019actuaci\u00f3, de la qual ja es va presentar el [&hellip;]<\/p>\n","protected":false},"author":2,"featured_media":5002,"comment_status":"open","ping_status":"open","sticky":false,"template":"","format":"standard","meta":{"footnotes":""},"categories":[23],"tags":[],"class_list":{"0":"post-5001","1":"post","2":"type-post","3":"status-publish","4":"format-standard","5":"has-post-thumbnail","7":"category-actualitat"},"_links":{"self":[{"href":"https:\/\/areabadalona.com\/diario\/wp-json\/wp\/v2\/posts\/5001","targetHints":{"allow":["GET"]}}],"collection":[{"href":"https:\/\/areabadalona.com\/diario\/wp-json\/wp\/v2\/posts"}],"about":[{"href":"https:\/\/areabadalona.com\/diario\/wp-json\/wp\/v2\/types\/post"}],"author":[{"embeddable":true,"href":"https:\/\/areabadalona.com\/diario\/wp-json\/wp\/v2\/users\/2"}],"replies":[{"embeddable":true,"href":"https:\/\/areabadalona.com\/diario\/wp-json\/wp\/v2\/comments?post=5001"}],"version-history":[{"count":1,"href":"https:\/\/areabadalona.com\/diario\/wp-json\/wp\/v2\/posts\/5001\/revisions"}],"predecessor-version":[{"id":5003,"href":"https:\/\/areabadalona.com\/diario\/wp-json\/wp\/v2\/posts\/5001\/revisions\/5003"}],"wp:featuredmedia":[{"embeddable":true,"href":"https:\/\/areabadalona.com\/diario\/wp-json\/wp\/v2\/media\/5002"}],"wp:attachment":[{"href":"https:\/\/areabadalona.com\/diario\/wp-json\/wp\/v2\/media?parent=5001"}],"wp:term":[{"taxonomy":"category","embeddable":true,"href":"https:\/\/areabadalona.com\/diario\/wp-json\/wp\/v2\/categories?post=5001"},{"taxonomy":"post_tag","embeddable":true,"href":"https:\/\/areabadalona.com\/diario\/wp-json\/wp\/v2\/tags?post=5001"}],"curies":[{"name":"wp","href":"https:\/\/api.w.org\/{rel}","templated":true}]}}