{"id":4998,"date":"2023-03-20T13:00:18","date_gmt":"2023-03-20T13:00:18","guid":{"rendered":"https:\/\/areabadalona.com\/diario\/?p=4998"},"modified":"2023-03-20T13:00:19","modified_gmt":"2023-03-20T13:00:19","slug":"badalona-permet-des-daquest-dilluns-20-de-marc-lacces-danimals-de-companyia-en-els-edificis-administratius-municipals","status":"publish","type":"post","link":"https:\/\/areabadalona.com\/diario\/2023\/03\/20\/badalona-permet-des-daquest-dilluns-20-de-marc-lacces-danimals-de-companyia-en-els-edificis-administratius-municipals\/","title":{"rendered":"Badalona permet des d\u2019aquest dilluns 20 de mar\u00e7 l&#8217;acc\u00e9s d&#8217;animals de companyia en els edificis administratius municipals\u00a0"},"content":{"rendered":"\n<p>Des d\u2019aquest dilluns 20 de mar\u00e7, l\u2019Ajuntament de Badalona permet l&#8217;acc\u00e9s d&#8217;animals de companyia en els edificis administratius municipals. Aquesta mesura s\u2019emmarca en la iniciativa \u2018Som <em>Pet Friendly\u2019<\/em>, amb la qual es vol normalitzar la pres\u00e8ncia de les mascotes de les persones en entorns on fins ara estaven restringides. &nbsp;<\/p>\n\n\n\n<p>En aquest sentit, l\u2019Ajuntament tamb\u00e9 ha posat en marxa una campanya per a crear una xarxa d\u2019establiments i comer\u00e7os de la ciutat en els quals est\u00e0 permesa l\u2019entrada dels animals de companyia. Els locals que vulguin adherir-se a la iniciativa hauran de sol\u00b7licitar-ho al consistori i rebran un segell <em>Pet Friendly<\/em> acreditatiu que podran posar a la vista en els seus negocis per identificar-se. Per tal de poder ostentar aquest segell, els interessats han de fer una petici\u00f3&nbsp; enviant un correu a <a>badalonapetfriendly@badalona.cat<\/a> indicant el nom comercial del local, l\u2019adre\u00e7a, el nom fiscal, el titular, les dades de contacte i la seva activitat econ\u00f2mica. &nbsp;<\/p>\n\n\n\n<p>Tant per a les depend\u00e8ncies administratives municipals com per als establiments adherits a la xarxa, s\u2019han establert una s\u00e8rie de requisits per poder accedir amb els animals de companyia:&nbsp;<\/p>\n\n\n\n<p><strong>Gossos:&nbsp;<\/strong><\/p>\n\n\n\n<p>&#8211; Hauran de disposar de xip identificatiu i estar censats&nbsp;<\/p>\n\n\n\n<p>&#8211; Hauran d\u2019anar lligats i amb morri\u00f3 en aquells casos exigits per la normativa d\u2019aplicaci\u00f3 aix\u00ed com en aquells casos en qu\u00e8 la seva naturalesa i caracter\u00edstiques ho aconsellin.&nbsp;<\/p>\n\n\n\n<p>&#8211; Han de presentar condicions adequades d\u2019higiene&nbsp;<\/p>\n\n\n\n<p>&#8211; Han de presentar un comportament adequat.&nbsp;<\/p>\n\n\n\n<p><strong>Gats i fures:&nbsp;<\/strong><\/p>\n\n\n\n<p>&#8211; Podran accedir amb transport\u00ed o motxilla que permeti el seu control pel seu propietari en tot moment, aix\u00f2 \u00e9s, amb un mitj\u00e0 prou segur i tancat per tal que no s\u2019escapin.&nbsp;<\/p>\n\n\n\n<p><strong>Limitacions:&nbsp;<\/strong><\/p>\n\n\n\n<p>&#8211; Es podr\u00e0 limitar l\u2019acc\u00e9s d\u2019animals dom\u00e8stics per aglomeracions o per seguretat de les persones o els mateixos animals.&nbsp;<\/p>\n\n\n\n<p>&#8211; No es podr\u00e0 subministrar als animals aliments i\/o begudes a l\u2019interior de les instal\u00b7lacions municipals.&nbsp;<\/p>\n\n\n\n<p>&nbsp;&#8211; Els animals no hauran de tenir acc\u00e9s a productes qu\u00edmics i\/o biocides que poguessin ocasionar-los danys per contacte i\/o ingesta.&nbsp;<\/p>\n\n\n\n<p>&nbsp;&#8211; El propietari de l\u2019animal ser\u00e0 sempre el responsable de qualsevol desperfecte o brut\u00edcia causada. &nbsp;<\/p>\n\n\n\n<p>L\u2019alcalde de Badalona, Rub\u00e9n Guijarro, i la regidora de Medi Ambient, Sostenibilitat i Benestar Animal, Rosa Trenado, han presentat aquest dilluns al mat\u00ed la nova mesura i la campanya per a crear una xarxa d\u2019establiments i comer\u00e7os de la ciutat <em>Pet Friendly<\/em> davant de l\u2019edifici municipal El Viver, on han enganxat un cartell indicant que ja est\u00e0 permesa l\u2019entrada a l\u2019interior amb un animal de companyia.&nbsp;<\/p>\n\n\n\n<p>La regidora Trenado ha indicat que l\u2019impuls de la iniciativa de la xarxa de comer\u00e7os i el fet de permetre l\u2019entrada d\u2019animals en els edificis administratius municipals \u201c\u00e9s un gran pas en l\u2019\u00e0mbit del benestar animal i ens equipara als municipis del nostre entorn\u201d. Trenado ha explicat que \u201cen els darrers anys les fam\u00edlies han canviat i els nostres animals s\u00f3n considerats en molts casos com un membre m\u00e9s del nucli familiar, per aix\u00f2 \u00e9s important que adaptem la legislaci\u00f3 i els nostres costums en el mateix sentit que evoluciona la nostra societat\u201d. \u201cAnimo a tots els establiments a sumar-se a aquesta campanya i d&#8217;aquesta manera demostrar que Badalona \u00e9s una ciutat amable i que cuida els animals\u201d, ha afegit la regidora. &nbsp;<\/p>\n","protected":false},"excerpt":{"rendered":"<p>Des d\u2019aquest dilluns 20 de mar\u00e7, l\u2019Ajuntament de Badalona permet l&#8217;acc\u00e9s d&#8217;animals de companyia en els edificis administratius municipals. Aquesta mesura s\u2019emmarca en la iniciativa \u2018Som Pet Friendly\u2019, amb la qual es vol normalitzar la pres\u00e8ncia de les mascotes de les persones en entorns on fins ara estaven restringides. &nbsp; En aquest sentit, l\u2019Ajuntament tamb\u00e9 [&hellip;]<\/p>\n","protected":false},"author":2,"featured_media":4999,"comment_status":"open","ping_status":"open","sticky":false,"template":"","format":"standard","meta":{"footnotes":""},"categories":[23],"tags":[],"class_list":{"0":"post-4998","1":"post","2":"type-post","3":"status-publish","4":"format-standard","5":"has-post-thumbnail","7":"category-actualitat"},"_links":{"self":[{"href":"https:\/\/areabadalona.com\/diario\/wp-json\/wp\/v2\/posts\/4998","targetHints":{"allow":["GET"]}}],"collection":[{"href":"https:\/\/areabadalona.com\/diario\/wp-json\/wp\/v2\/posts"}],"about":[{"href":"https:\/\/areabadalona.com\/diario\/wp-json\/wp\/v2\/types\/post"}],"author":[{"embeddable":true,"href":"https:\/\/areabadalona.com\/diario\/wp-json\/wp\/v2\/users\/2"}],"replies":[{"embeddable":true,"href":"https:\/\/areabadalona.com\/diario\/wp-json\/wp\/v2\/comments?post=4998"}],"version-history":[{"count":1,"href":"https:\/\/areabadalona.com\/diario\/wp-json\/wp\/v2\/posts\/4998\/revisions"}],"predecessor-version":[{"id":5000,"href":"https:\/\/areabadalona.com\/diario\/wp-json\/wp\/v2\/posts\/4998\/revisions\/5000"}],"wp:featuredmedia":[{"embeddable":true,"href":"https:\/\/areabadalona.com\/diario\/wp-json\/wp\/v2\/media\/4999"}],"wp:attachment":[{"href":"https:\/\/areabadalona.com\/diario\/wp-json\/wp\/v2\/media?parent=4998"}],"wp:term":[{"taxonomy":"category","embeddable":true,"href":"https:\/\/areabadalona.com\/diario\/wp-json\/wp\/v2\/categories?post=4998"},{"taxonomy":"post_tag","embeddable":true,"href":"https:\/\/areabadalona.com\/diario\/wp-json\/wp\/v2\/tags?post=4998"}],"curies":[{"name":"wp","href":"https:\/\/api.w.org\/{rel}","templated":true}]}}