{"id":4995,"date":"2023-03-20T11:34:29","date_gmt":"2023-03-20T11:34:29","guid":{"rendered":"https:\/\/areabadalona.com\/diario\/?p=4995"},"modified":"2023-03-20T11:34:30","modified_gmt":"2023-03-20T11:34:30","slug":"reactivacio-badalona-i-la-fundacio-eurecat-promouen-la-implantacio-de-les-noves-tecnologies-al-teixit-empresarial","status":"publish","type":"post","link":"https:\/\/areabadalona.com\/diario\/2023\/03\/20\/reactivacio-badalona-i-la-fundacio-eurecat-promouen-la-implantacio-de-les-noves-tecnologies-al-teixit-empresarial\/","title":{"rendered":"Reactivaci\u00f3 Badalona i la Fundaci\u00f3 Eurecat promouen la implantaci\u00f3 de les noves tecnologies al teixit empresarial\u00a0"},"content":{"rendered":"\n<p>Reactivaci\u00f3 Badalona i la Fundaci\u00f3 Eurecat (Centre Tecnol\u00f2gic de Catalunya) ofereixen a deu petites empreses industrials l&#8217;oportunitat d&#8217;accelerar la implantaci\u00f3 de les tecnologies 4.0. En una primera fase, que s\u2019allargar\u00e0 fins al mes d\u2019octubre, aquesta Fundaci\u00f3, que \u00e9s un dels principals centres tecnol\u00f2gics de nexe d\u2019uni\u00f3 entre el m\u00f3n de la recerca aplicada i les empreses, dur\u00e0 a terme una Diagnosi 4.0, eina imprescindible per poder avan\u00e7ar en el proc\u00e9s de transformaci\u00f3 digital. &nbsp;&nbsp;<\/p>\n\n\n\n<p>L\u2019objectiu principal \u00e9s que despr\u00e9s de la realitzaci\u00f3 de la Diagnosi 4.0 les empreses badalonines facin un pas m\u00e9s i implementin les mesures i les inversions proposades accedint a les l\u00ednies d\u2019ajut p\u00fablic d\u2019enguany, per a les quals \u00e9s requisit indispensable aportar aquesta diagnosi pr\u00e8via, especialment si es vol accedir a ajuts a la implantaci\u00f3 de maquin\u00e0ria. &nbsp;<\/p>\n\n\n\n<p>Els principals programes dels quals es disposa avui per a la implantaci\u00f3 de les mesures i inversions que es proposaran s\u00f3n els d&#8217;ACCI\u00d3 del departament d&#8217;Empresa i Treball de la Generalitat de Catalunya, els d\u2019ACTIVA INDUSTRIA del Ministeri d\u2019Ind\u00fastria, Comer\u00e7 i Turisme, i Acelerapyme del Ministeri d\u2019Assumptes Econ\u00f2mics i Transformaci\u00f3 Digital. En aquest sentit, cal destacar que aquest any a l\u2019ajut d\u2019ACCIO a l\u2019assessorament a la implantaci\u00f3 de les solucions tecnol\u00f2giques 4.0 s\u2019hi afegir\u00e0 una nova l\u00ednia d\u2019ajuts per a la renovaci\u00f3 de maquin\u00e0ria i equipament, incloent-hi el <em>hardware<\/em> i <em>software<\/em>. La convocat\u00f2ria d&#8217;aquestes dues l\u00ednies d&#8217;ajuts est\u00e0 prevista per al mes de juny. &nbsp;<\/p>\n\n\n\n<p><strong>Assessorament i acompanyament per a les empreses de la ciutat&nbsp;<\/strong><\/p>\n\n\n\n<p>L\u2019empresa municipal Reactivaci\u00f3 Badalona, que tamb\u00e9 t\u00e9 entre els seus objectius socials la promoci\u00f3 i l&#8217;atracci\u00f3 d&#8217;activitats tecnol\u00f2giques, posa de relleu que, a banda de si una empresa participa o no en el programa de Diagnosi, posa a disposici\u00f3 de les empreses de la ciutat l\u2019assessorament i l\u2019acompanyament en mat\u00e8ria d\u2019ajuts p\u00fablics per identificar el programa que els resulti m\u00e9s adient atenent al tipus d&#8217;activitat econ\u00f2mica o les circumst\u00e0ncies que afecten l\u2019empresa.&nbsp;<\/p>\n\n\n\n<p>Aquesta iniciativa es porta a terme amb la col\u00b7laboraci\u00f3 de la Diputaci\u00f3 de Barcelona i el Servei d\u2019Ocupaci\u00f3 de Catalunya en el marc dels programes de suport al desenvolupament local.&nbsp;<\/p>\n","protected":false},"excerpt":{"rendered":"<p>Reactivaci\u00f3 Badalona i la Fundaci\u00f3 Eurecat (Centre Tecnol\u00f2gic de Catalunya) ofereixen a deu petites empreses industrials l&#8217;oportunitat d&#8217;accelerar la implantaci\u00f3 de les tecnologies 4.0. En una primera fase, que s\u2019allargar\u00e0 fins al mes d\u2019octubre, aquesta Fundaci\u00f3, que \u00e9s un dels principals centres tecnol\u00f2gics de nexe d\u2019uni\u00f3 entre el m\u00f3n de la recerca aplicada i les [&hellip;]<\/p>\n","protected":false},"author":2,"featured_media":4996,"comment_status":"open","ping_status":"open","sticky":false,"template":"","format":"standard","meta":{"footnotes":""},"categories":[23],"tags":[],"class_list":{"0":"post-4995","1":"post","2":"type-post","3":"status-publish","4":"format-standard","5":"has-post-thumbnail","7":"category-actualitat"},"_links":{"self":[{"href":"https:\/\/areabadalona.com\/diario\/wp-json\/wp\/v2\/posts\/4995","targetHints":{"allow":["GET"]}}],"collection":[{"href":"https:\/\/areabadalona.com\/diario\/wp-json\/wp\/v2\/posts"}],"about":[{"href":"https:\/\/areabadalona.com\/diario\/wp-json\/wp\/v2\/types\/post"}],"author":[{"embeddable":true,"href":"https:\/\/areabadalona.com\/diario\/wp-json\/wp\/v2\/users\/2"}],"replies":[{"embeddable":true,"href":"https:\/\/areabadalona.com\/diario\/wp-json\/wp\/v2\/comments?post=4995"}],"version-history":[{"count":1,"href":"https:\/\/areabadalona.com\/diario\/wp-json\/wp\/v2\/posts\/4995\/revisions"}],"predecessor-version":[{"id":4997,"href":"https:\/\/areabadalona.com\/diario\/wp-json\/wp\/v2\/posts\/4995\/revisions\/4997"}],"wp:featuredmedia":[{"embeddable":true,"href":"https:\/\/areabadalona.com\/diario\/wp-json\/wp\/v2\/media\/4996"}],"wp:attachment":[{"href":"https:\/\/areabadalona.com\/diario\/wp-json\/wp\/v2\/media?parent=4995"}],"wp:term":[{"taxonomy":"category","embeddable":true,"href":"https:\/\/areabadalona.com\/diario\/wp-json\/wp\/v2\/categories?post=4995"},{"taxonomy":"post_tag","embeddable":true,"href":"https:\/\/areabadalona.com\/diario\/wp-json\/wp\/v2\/tags?post=4995"}],"curies":[{"name":"wp","href":"https:\/\/api.w.org\/{rel}","templated":true}]}}