{"id":4992,"date":"2023-03-20T09:46:13","date_gmt":"2023-03-20T09:46:13","guid":{"rendered":"https:\/\/areabadalona.com\/diario\/?p=4992"},"modified":"2023-03-20T09:47:00","modified_gmt":"2023-03-20T09:47:00","slug":"la-criminalitat-a-badalona-durant-lany-2022-va-augmentar-per-sota-de-la-mitjana-estatal-catalana-i-de-la-provincia-de-barcelona-segons-les-dades-de-lultim-balanc-de-criminalitat-del","status":"publish","type":"post","link":"https:\/\/areabadalona.com\/diario\/2023\/03\/20\/la-criminalitat-a-badalona-durant-lany-2022-va-augmentar-per-sota-de-la-mitjana-estatal-catalana-i-de-la-provincia-de-barcelona-segons-les-dades-de-lultim-balanc-de-criminalitat-del\/","title":{"rendered":"La criminalitat a Badalona durant l\u2019any 2022 va augmentar per sota de la mitjana estatal, catalana i de la prov\u00edncia de Barcelona  \u00a0"},"content":{"rendered":"\n<p>Segons les \u00faltimes dades publicades pel Ministeri de l\u2019Interior, corresponents al quart trimestre de l\u2019any 2022, el nombre d\u2019infraccions penals a Badalona entre gener i desembre de l\u2019any passat se situa per sota de la mitjana de les dades de l\u2019Estat, de Catalunya i de la majoria de les principals ciutats de la prov\u00edncia de Barcelona en aquest mateix per\u00edode. Tot i que en comparaci\u00f3 amb el mateix per\u00edode de 2021 les xifres indiquen que les infraccions han augmentat globalment a tot el territori, a Badalona ho han fet nom\u00e9s un 15,4%, mentre que a Espanya han crescut un 18,8%, a Catalunya un 21,7% i a tota la prov\u00edncia de Barcelona un 22,7%.&nbsp;<\/p>\n\n\n\n<p>El Balan\u00e7 de Criminalitat publicat pel Ministeri de l\u2019Interior indica, tal com va fer en documents anteriors, que durant els anys 2020 i 2021 es va produir un important descens de les xifres de criminalitat a tot l\u2019Estat, a conseq\u00fc\u00e8ncia de les condicions derivades de la pand\u00e8mia causada per la COVID-19.&nbsp;<\/p>\n\n\n\n<p>Aquest creixement d\u2019infraccions amb relaci\u00f3 a l\u2019any 2021 es dona a la majoria de ciutats de la prov\u00edncia. A L\u2019Hospitalet de Llobregat els delictes han pujat un 23,2%; a Matar\u00f3, un 28%; a Cornell\u00e0 un 21,6%; a Sant Adri\u00e0 de Bes\u00f2s un 19,5%; i a Barcelona un 29,9%. Entre els municipis de la mateixa grand\u00e0ria que Badalona, l\u2019augment d\u2019infraccions penals nom\u00e9s \u00e9s inferior a Terrassa, on els delictes han pujat un 15,1% i Sabadell on han crescut un 10,7%. Nom\u00e9s Santa Coloma de Gramenet presenta un descens d\u2019infraccions penals, concretament de l\u20191,2%.<\/p>\n\n\n\n<p>Des del Govern municipal es valora molt positivament la disminuci\u00f3 en el tr\u00e0fic de drogues (-25,4%), en comparaci\u00f3 a Catalunya (+2,5%) i a la prov\u00edncia de Barcelona (+2,1%).&nbsp;<\/p>\n\n\n\n<p>Els furts, que generen preocupaci\u00f3 social, augmenten a Badalona (+14,39%) molt per sota de la mitjana de Catalunya (+36,7%) i tamb\u00e9 de la prov\u00edncia de Barcelona (+37,7%).&nbsp;<\/p>\n\n\n\n<p>El Govern municipal considera que com a dada a millorar de les dades del Ministeri es troben els robatoris amb for\u00e7a a domicilis i establiments que a Badalona augmenten un 51,1% mentre que a Catalunya ho fa un 22,5% i a la prov\u00edncia de Barcelona un 26&#8217;6%. Aquestes dades cal atribuir-les a l\u2019exist\u00e8ncia de grups especialitzats en robatoris que van estar molt actius durant el primer semestre de l&#8217;any 2021 i que tant Gu\u00e0rdia Urbana com Mossos d&#8217;Esquadra va estar treballant per desarticular-los.&nbsp;<\/p>\n\n\n\n<p>El sis\u00e8 tinent d\u2019alcaldia i regidor de l\u2019\u00c0mbit de Govern i Seguretat, Christian Carneado, ha afirmat: \u201cEncara hi ha molt de marge per millorar en mat\u00e8ria de seguretat, per\u00f2 els resultats de criminalitat comparant Badalona amb altres cuitats de refer\u00e8ncia, demostren que estem treballant en la bona l\u00ednia, ampliant recursos humans, materials i millorant les condicions laborals de la Gu\u00e0rdia Urbana\u00bb. En aquest sentit, Carneado ha recordat: \u201cDurant l\u2019any 2022 hem incorporat 21 agents, m\u00e9s altres 24 que estan a l&#8217;Escola de Policia i estem tramitant la incorporaci\u00f3 de 42 nous vehicles\u201d.&nbsp;<\/p>\n","protected":false},"excerpt":{"rendered":"<p>Segons les \u00faltimes dades publicades pel Ministeri de l\u2019Interior, corresponents al quart trimestre de l\u2019any 2022, el nombre d\u2019infraccions penals a Badalona entre gener i desembre de l\u2019any passat se situa per sota de la mitjana de les dades de l\u2019Estat, de Catalunya i de la majoria de les principals ciutats de la prov\u00edncia de [&hellip;]<\/p>\n","protected":false},"author":2,"featured_media":4578,"comment_status":"open","ping_status":"open","sticky":false,"template":"","format":"standard","meta":{"footnotes":""},"categories":[23,24],"tags":[],"class_list":{"0":"post-4992","1":"post","2":"type-post","3":"status-publish","4":"format-standard","5":"has-post-thumbnail","7":"category-actualitat","8":"category-societat"},"_links":{"self":[{"href":"https:\/\/areabadalona.com\/diario\/wp-json\/wp\/v2\/posts\/4992","targetHints":{"allow":["GET"]}}],"collection":[{"href":"https:\/\/areabadalona.com\/diario\/wp-json\/wp\/v2\/posts"}],"about":[{"href":"https:\/\/areabadalona.com\/diario\/wp-json\/wp\/v2\/types\/post"}],"author":[{"embeddable":true,"href":"https:\/\/areabadalona.com\/diario\/wp-json\/wp\/v2\/users\/2"}],"replies":[{"embeddable":true,"href":"https:\/\/areabadalona.com\/diario\/wp-json\/wp\/v2\/comments?post=4992"}],"version-history":[{"count":2,"href":"https:\/\/areabadalona.com\/diario\/wp-json\/wp\/v2\/posts\/4992\/revisions"}],"predecessor-version":[{"id":4994,"href":"https:\/\/areabadalona.com\/diario\/wp-json\/wp\/v2\/posts\/4992\/revisions\/4994"}],"wp:featuredmedia":[{"embeddable":true,"href":"https:\/\/areabadalona.com\/diario\/wp-json\/wp\/v2\/media\/4578"}],"wp:attachment":[{"href":"https:\/\/areabadalona.com\/diario\/wp-json\/wp\/v2\/media?parent=4992"}],"wp:term":[{"taxonomy":"category","embeddable":true,"href":"https:\/\/areabadalona.com\/diario\/wp-json\/wp\/v2\/categories?post=4992"},{"taxonomy":"post_tag","embeddable":true,"href":"https:\/\/areabadalona.com\/diario\/wp-json\/wp\/v2\/tags?post=4992"}],"curies":[{"name":"wp","href":"https:\/\/api.w.org\/{rel}","templated":true}]}}