{"id":4986,"date":"2023-03-17T10:01:15","date_gmt":"2023-03-17T10:01:15","guid":{"rendered":"https:\/\/areabadalona.com\/diario\/?p=4986"},"modified":"2023-03-17T10:01:16","modified_gmt":"2023-03-17T10:01:16","slug":"la-6a-edicio-de-la-mobilona-la-diada-de-leducacio-viaria-a-badalona-se-celebra-el-22-de-marc","status":"publish","type":"post","link":"https:\/\/areabadalona.com\/diario\/2023\/03\/17\/la-6a-edicio-de-la-mobilona-la-diada-de-leducacio-viaria-a-badalona-se-celebra-el-22-de-marc\/","title":{"rendered":"La 6a edici\u00f3 de la MOBILONA, la diada de l\u2019educaci\u00f3 vi\u00e0ria a Badalona, se celebra el 22 de mar\u00e7\u00a0"},"content":{"rendered":"\n<p>El dimecres 22 de mar\u00e7 tindr\u00e0 lloc la 6a edici\u00f3 de la Mobilona, la diada de l&#8217;educaci\u00f3 vi\u00e0ria de Badalona. En aquesta nova edici\u00f3, que es fa a la zona esportiva de Can Cabanyes, partiparan 270 nens i nenes, de 3r de prim\u00e0ria, de vuit centres: Les Ci\u00e8ncies, Lestonnac, L\u00f3pez Torrej\u00f3n, Mare de D\u00e9u de la Salut, Miguel Hern\u00e1ndez, Pere de Tera, Rafael Alberti i Tur\u00f3 d&#8217;en Caritg.&nbsp;<\/p>\n\n\n\n<p>El nom d&#8217;aquesta diada, Mobilona, uneix l&#8217;inici i final de les paraules Mobilitat i Badalona. La Mobilona va n\u00e9ixer amb l&#8217;objectiu d&#8217;afavorir l&#8217;adquisici\u00f3 de compet\u00e8ncies i el coneixement entre els infants dels drets que tenen com a vianants, passatgers de vehicles o conductors de bicicletes. Alhora vol fer pensar en les mesures i les actituds que cal prendre i tenir per caminar o despla\u00e7ar-se en vehicle per la ciutat d&#8217;una forma segura i tranquil\u00b7la. La Mobilona pret\u00e9n contribuir tamb\u00e9 al desenvolupament del concepte i pr\u00e0ctica de Badalona com a ciutat educadora. &nbsp;<\/p>\n\n\n\n<p>Aquesta activitat forma part del Pla de Seguretat i Educaci\u00f3 Vi\u00e0ria de Badalona (CPSEVB) i est\u00e0 vinculada a les que desenvolupa l&#8217;equip d&#8217;Educaci\u00f3 Vi\u00e0ria de la Gu\u00e0rdia Urbana a totes les escoles de la ciutat. La Mobilona s&#8217;articula, tamb\u00e9, amb els processos de construcci\u00f3 de Camins Amics fets pels centres educatius a trav\u00e9s del Grup de Treball de Camins i Entorns Escolars del Consell de la Mobilitat Sostenible i del Transport P\u00fablic.&nbsp;<\/p>\n\n\n\n<p>A la Mobilona 2023 nenes i nens participen en diferents tallers i jocs promoguts per les entitats&nbsp; que formen part de la CPSEVB. L&#8217;activitat comptar\u00e0 amb les m\u00fasiques de Paula y Javier D&#8217;Angelo i s&#8217;escoltar\u00e0 i ballar\u00e0 la can\u00e7\u00f3 del Cam\u00ed Amic, creada especialment&nbsp; i vinculada als objectius del projecte de Camins escolars.&nbsp;<\/p>\n\n\n\n<p>La 6a edici\u00f3 de la Mobilona est\u00e0 organitzada pels vuit centres que hi participen, per les entitats que han organitzat els tallers, per l&#8217;equip d&#8217;Educaci\u00f3 Vi\u00e0ria de la Gu\u00e0rdia Urbana i pel Servei d&#8217;Educaci\u00f3, amb la col\u00b7laboraci\u00f3 del Servei d&#8217;Esports de l&#8217;Ajuntament de Badalona. &nbsp;<\/p>\n\n\n\n<p>A la Comissi\u00f3 del Pla de Seguretat i Educaci\u00f3 Vi\u00e0ria de Badalona i a la Mobilona hi participen aquestes entitats, empreses, centres, serveis i institucions: Associaci\u00f3 per al desenvolupament de l&#8217;educaci\u00f3 vi\u00e0ria a Catalunya (ADEVIC); Direxis TUSGSAL, Escoles: Les Ci\u00e8ncies, Lestonnac, L\u00f3pez Torrej\u00f3n, Mare de D\u00e9u de la Salut, Miguel Hern\u00e1ndez, Pere de Tera, Rafael Alberti i Tur\u00f3 d&#8217;en Caritg; Grup de Treball de materials did\u00e0ctics d&#8217;educaci\u00f3 vi\u00e0ria (PFZ) del CRP de la Generalitat de Catalunya, Institut Guttmann, RACC, Servei Catal\u00e0 de Tr\u00e0nsit (SCT GC), Sistema d&#8217;Emerg\u00e8ncies M\u00e8diques (SEM GC) i Ambul\u00e0ncies La Pau SCCL, Som Mobilitat, Sport Ciclista B\u00e9tulo, STOP Accidentes; TRAM, Xarxa Municipal de Biblioteques de Badalona, Consell de la Mobilitat Sostenible i del Transport P\u00fablic; Departament de Mobilitat, Equip d&#8217;Educaci\u00f3 Vi\u00e0ria de la Gu\u00e0rdia Urbana i Servei d&#8217;Educaci\u00f3 de l&#8217;Ajuntament de Badalona.&nbsp;<\/p>\n","protected":false},"excerpt":{"rendered":"<p>El dimecres 22 de mar\u00e7 tindr\u00e0 lloc la 6a edici\u00f3 de la Mobilona, la diada de l&#8217;educaci\u00f3 vi\u00e0ria de Badalona. En aquesta nova edici\u00f3, que es fa a la zona esportiva de Can Cabanyes, partiparan 270 nens i nenes, de 3r de prim\u00e0ria, de vuit centres: Les Ci\u00e8ncies, Lestonnac, L\u00f3pez Torrej\u00f3n, Mare de D\u00e9u de [&hellip;]<\/p>\n","protected":false},"author":2,"featured_media":4987,"comment_status":"open","ping_status":"open","sticky":false,"template":"","format":"standard","meta":{"footnotes":""},"categories":[23,24],"tags":[],"class_list":{"0":"post-4986","1":"post","2":"type-post","3":"status-publish","4":"format-standard","5":"has-post-thumbnail","7":"category-actualitat","8":"category-societat"},"_links":{"self":[{"href":"https:\/\/areabadalona.com\/diario\/wp-json\/wp\/v2\/posts\/4986","targetHints":{"allow":["GET"]}}],"collection":[{"href":"https:\/\/areabadalona.com\/diario\/wp-json\/wp\/v2\/posts"}],"about":[{"href":"https:\/\/areabadalona.com\/diario\/wp-json\/wp\/v2\/types\/post"}],"author":[{"embeddable":true,"href":"https:\/\/areabadalona.com\/diario\/wp-json\/wp\/v2\/users\/2"}],"replies":[{"embeddable":true,"href":"https:\/\/areabadalona.com\/diario\/wp-json\/wp\/v2\/comments?post=4986"}],"version-history":[{"count":1,"href":"https:\/\/areabadalona.com\/diario\/wp-json\/wp\/v2\/posts\/4986\/revisions"}],"predecessor-version":[{"id":4988,"href":"https:\/\/areabadalona.com\/diario\/wp-json\/wp\/v2\/posts\/4986\/revisions\/4988"}],"wp:featuredmedia":[{"embeddable":true,"href":"https:\/\/areabadalona.com\/diario\/wp-json\/wp\/v2\/media\/4987"}],"wp:attachment":[{"href":"https:\/\/areabadalona.com\/diario\/wp-json\/wp\/v2\/media?parent=4986"}],"wp:term":[{"taxonomy":"category","embeddable":true,"href":"https:\/\/areabadalona.com\/diario\/wp-json\/wp\/v2\/categories?post=4986"},{"taxonomy":"post_tag","embeddable":true,"href":"https:\/\/areabadalona.com\/diario\/wp-json\/wp\/v2\/tags?post=4986"}],"curies":[{"name":"wp","href":"https:\/\/api.w.org\/{rel}","templated":true}]}}