{"id":4983,"date":"2023-03-17T09:59:43","date_gmt":"2023-03-17T09:59:43","guid":{"rendered":"https:\/\/areabadalona.com\/diario\/?p=4983"},"modified":"2023-03-17T09:59:44","modified_gmt":"2023-03-17T09:59:44","slug":"lexposicio-forjadors-de-la-festa-el-patrimoni-festiu-de-badalona-torna-al-centre-cultural-el-carme","status":"publish","type":"post","link":"https:\/\/areabadalona.com\/diario\/2023\/03\/17\/lexposicio-forjadors-de-la-festa-el-patrimoni-festiu-de-badalona-torna-al-centre-cultural-el-carme\/","title":{"rendered":"<strong>L\u2019exposici\u00f3 \u201cForjadors de la Festa. El patrimoni festiu de Badalona\u201d torna al Centre Cultural El Carme<\/strong>"},"content":{"rendered":"\n<p>El dimarts 21 de mar\u00e7, a les 19.30 hores tindr\u00e0 lloc a la Sala Josep Ucl\u00e9s del Centre Cultural El Carme de Badalona (carrer de Francesc Layret 78-82) la inauguraci\u00f3 de l\u2019exposici\u00f3 \u201cForjadors de la Festa. El patrimoni festiu de Badalona\u201d, que es podr\u00e0 visitar fins al dissabte 27 de maig.&nbsp;<\/p>\n\n\n\n<p>L\u2019exposici\u00f3 Forjadors de la Festa se centra en el ritual al voltant de les Festes de Maig que honoren Sant Anastasi, copatr\u00f3 de Badalona. Mant\u00e9 la l\u00ednia conceptual i pedag\u00f2gica basada en els aspectes rituals de la Festa, situant com a eix cabdal la figura de Sant Anastasi i, en contraposici\u00f3, el Dimoni.&nbsp;<\/p>\n\n\n\n<p>El comissari de l\u2019exposici\u00f3 \u00e9s Marc Abril, fester, m\u00fasic i membre del Grup d&#8217;Estudis de la Festa de Badalona, i fa un rep\u00e0s a l\u2019origen de la devoci\u00f3 al Sant a Badalona i dels inicis de la Cremada del Dimoni, aix\u00ed com de la seq\u00fc\u00e8ncia d\u2019actes i entremesos que l\u2019acompanyen a la Nit de Sant Anastasi.&nbsp;<\/p>\n\n\n\n<p><strong>Horaris de visita de l\u2019exposici\u00f3&nbsp;<\/strong><\/p>\n\n\n\n<p>De dilluns a divendres, de 16.30 a 20 hores&nbsp;<\/p>\n\n\n\n<p>Dissabtes d&#8217;11 a 13.30 hores &nbsp;<\/p>\n\n\n\n<p><strong>Visites guiades per a la comunitat educativa&nbsp;<\/strong><\/p>\n\n\n\n<p>S\u2019organitzen visites guiades per a alumnes de 5\u00e8 i 6\u00e8 d\u2019educaci\u00f3 prim\u00e0ria i d\u2019educaci\u00f3 secund\u00e0ria entre l\u201911 d\u2019abril i el 26 de maig, en dies feiners, excepte del 2 al 10 de maig.&nbsp;<\/p>\n\n\n\n<p>Per als alumnes de prim\u00e0ria fins a 4t s\u2019oferiran entre els dies 2 i 10 de maig visites guiades a la Mostra d\u2019Imatgeria Festiva de Badalona, que enguany comptar\u00e0 amb dos espais: a la Casa de la Vila (planta baixa) es trobar\u00e0 l\u2019exposici\u00f3 dels elements d\u2019imatgeria festiva, i a El Refugi s\u2019habilitar\u00e0 un espai de rebuda i breu explicaci\u00f3 sobre la festa, amb suport de materials audiovisuals.&nbsp;<\/p>\n\n\n\n<p>Per a les dues tipologies de visites, les escoles podran fer les reserves a trav\u00e9s de: <a href=\"https:\/\/agendacultural.badalona.cat\/\">https:\/\/agendacultural.badalona.cat\/<\/a>&nbsp;<\/p>\n\n\n\n<p><strong>Activitats complement\u00e0ries<\/strong>&nbsp;<\/p>\n\n\n\n<p>L\u2019exposici\u00f3 es completar\u00e0 amb una s\u00e8rie d\u2019activitats que tindran lloc tamb\u00e9 al Centre Cultural El Carme: confer\u00e8ncies, xerrades i presentacions de treballs que conviden a la reflexi\u00f3 i el debat entorn amb l\u2019estat actual de la Festa a la nostra ciutat. &nbsp;<\/p>\n\n\n\n<p>Lluis Bellas presentar\u00e0 el seu doctorat sobre diferents models de Cases de la Festa que inclou l\u2019estudi del proc\u00e9s d\u2019una possible creaci\u00f3 a Badalona. En l\u2019\u00e0mbit de la m\u00fasica, es tractar\u00e0 el tema dels instruments tradicionals i la seva funcionalitat com a acompanyament als balls. A m\u00e9s, Forjadors acollir\u00e0 tamb\u00e9 tres activitats commemoratives de diferents colles locals: Badalona B\u00e8sties de Foc i Diables de Badalona fan 40 anys, i Castellers de Badalona en fa 25. Amb aquest motiu, Badalona B\u00e8sties de Foc oferir\u00e0 una xerrada-debat sobre imatgeria de foc, Diables de Badalona sobre els diferents models de diables, i Castellers centraran la seva confer\u00e8ncia en el fet casteller i els seus vint-i-cinc fent castells a la ciutat. &nbsp;<\/p>\n\n\n\n<p>Per a m\u00e9s informaci\u00f3:&nbsp;<\/p>\n\n\n\n<figure class=\"wp-block-embed\"><div class=\"wp-block-embed__wrapper\">\nhttps:\/\/agendacultural.badalona.cat\/esdeveniment\/forjadors-de-la-festa-el-patrimoni-festiu-de-badalona-2023\n<\/div><\/figure>\n\n\n\n<p>L\u2019exposici\u00f3 i les activitats complement\u00e0ries estan organitzades per l\u2019Ajuntament de Badalona, Badalona Cultura i Xitxarra Grup d\u2019Estudis de la Festa, amb la col\u00b7laboraci\u00f3 del Museu de Badalona, de les entitats Badalona B\u00e8sties de Foc, Castellers de Badalona, Confraria de Sant Anastasi, Diables de Badalona, Esbart Sant Jordi, Geganters de Badalona, Miquelets de Badalona, Mulassa de Badalona, T\u00edpic Ball de Bastons de Canyet, i de la fam\u00edlia Llans\u00f3.&nbsp;<\/p>\n","protected":false},"excerpt":{"rendered":"<p>El dimarts 21 de mar\u00e7, a les 19.30 hores tindr\u00e0 lloc a la Sala Josep Ucl\u00e9s del Centre Cultural El Carme de Badalona (carrer de Francesc Layret 78-82) la inauguraci\u00f3 de l\u2019exposici\u00f3 \u201cForjadors de la Festa. El patrimoni festiu de Badalona\u201d, que es podr\u00e0 visitar fins al dissabte 27 de maig.&nbsp; L\u2019exposici\u00f3 Forjadors de la [&hellip;]<\/p>\n","protected":false},"author":2,"featured_media":4984,"comment_status":"open","ping_status":"open","sticky":false,"template":"","format":"standard","meta":{"footnotes":""},"categories":[23,25],"tags":[],"class_list":{"0":"post-4983","1":"post","2":"type-post","3":"status-publish","4":"format-standard","5":"has-post-thumbnail","7":"category-actualitat","8":"category-cultura"},"_links":{"self":[{"href":"https:\/\/areabadalona.com\/diario\/wp-json\/wp\/v2\/posts\/4983","targetHints":{"allow":["GET"]}}],"collection":[{"href":"https:\/\/areabadalona.com\/diario\/wp-json\/wp\/v2\/posts"}],"about":[{"href":"https:\/\/areabadalona.com\/diario\/wp-json\/wp\/v2\/types\/post"}],"author":[{"embeddable":true,"href":"https:\/\/areabadalona.com\/diario\/wp-json\/wp\/v2\/users\/2"}],"replies":[{"embeddable":true,"href":"https:\/\/areabadalona.com\/diario\/wp-json\/wp\/v2\/comments?post=4983"}],"version-history":[{"count":1,"href":"https:\/\/areabadalona.com\/diario\/wp-json\/wp\/v2\/posts\/4983\/revisions"}],"predecessor-version":[{"id":4985,"href":"https:\/\/areabadalona.com\/diario\/wp-json\/wp\/v2\/posts\/4983\/revisions\/4985"}],"wp:featuredmedia":[{"embeddable":true,"href":"https:\/\/areabadalona.com\/diario\/wp-json\/wp\/v2\/media\/4984"}],"wp:attachment":[{"href":"https:\/\/areabadalona.com\/diario\/wp-json\/wp\/v2\/media?parent=4983"}],"wp:term":[{"taxonomy":"category","embeddable":true,"href":"https:\/\/areabadalona.com\/diario\/wp-json\/wp\/v2\/categories?post=4983"},{"taxonomy":"post_tag","embeddable":true,"href":"https:\/\/areabadalona.com\/diario\/wp-json\/wp\/v2\/tags?post=4983"}],"curies":[{"name":"wp","href":"https:\/\/api.w.org\/{rel}","templated":true}]}}