{"id":4977,"date":"2023-03-16T09:53:01","date_gmt":"2023-03-16T09:53:01","guid":{"rendered":"https:\/\/areabadalona.com\/diario\/?p=4977"},"modified":"2023-03-16T09:53:02","modified_gmt":"2023-03-16T09:53:02","slug":"lajuntament-de-badalona-tramita-la-incorporacio-de-42-nous-vehicles-per-a-renovar-el-parc-mobil-policial","status":"publish","type":"post","link":"https:\/\/areabadalona.com\/diario\/2023\/03\/16\/lajuntament-de-badalona-tramita-la-incorporacio-de-42-nous-vehicles-per-a-renovar-el-parc-mobil-policial\/","title":{"rendered":"L\u2019Ajuntament de Badalona tramita la incorporaci\u00f3 de 42 nous vehicles per a renovar el parc m\u00f2bil policial \u00a0"},"content":{"rendered":"\n<p>La Gu\u00e0rdia Urbana de Badalona disposar\u00e0 en els pr\u00f2xims mesos de 42 nous vehicles per a renovar el parc m\u00f2bil policial. L\u2019Ajuntament de Badalona ha fet els tr\u00e0mits perqu\u00e8 abans de l\u2019estiu el cos de seguretat municipal incorpori set nous cotxes patrulles, quinze motocicletes, una furgoneta d\u2019intervenci\u00f3, quinze cotxes sense logotips, dues furgonetes de transport de personal, una furgoneta de transport de material i un vehicle tot terreny. Aquests vehicles s\u2019afegiran als vuit cotxes policials adaptats per fer les tasques de patrullatge i de trasllat de detinguts que es van comprar l\u2019any passat. &nbsp;<\/p>\n\n\n\n<p>A m\u00e9s d\u2019aquestes adquisicions, per tal de dotar de millors recursos a la Gu\u00e0rdia Urbana de la ciutat, l\u2019Ajuntament eliminar\u00e0 durant el mes d\u2019abril les den\u00fancies manuals. A partir de les pr\u00f2ximes setmanes els agents utilitzaran dispositius m\u00f2bils electr\u00f2nics per a tramitar les actes i podran imprimir en el mateix moment de la den\u00fancia el resguard amb una de les 70 impressores m\u00f2bils que s\u2019han comprat per a poder modernitzar aquest servei.. &nbsp;<\/p>\n\n\n\n<p>L\u2019alcalde de Badalona, Rub\u00e9n Guijarro, ha destacat que \u201cdes del Govern municipal prioritzem millorar la seguretat de la nostra ciutat i tenim el ferm comprom\u00eds de modernitzar el cos de la Gu\u00e0rdia Urbana i dotar-lo de les eines necess\u00e0ries per convertir-la en una policia del segle XXI\u201d. L\u2019alcalde ha explicat que \u201cla renovaci\u00f3 del parc m\u00f2bil i l\u2019eliminaci\u00f3 de les den\u00fancies manuals s\u00f3n necessitats que fa temps que s\u2019havien d\u2019abordar, per\u00f2 volem continuar introduint millores que permetin als agents fer la seva feina amb major seguretat i comoditat, facilitant aix\u00ed el gran servei que donen a tota la ciutadania\u201d. &nbsp;<\/p>\n","protected":false},"excerpt":{"rendered":"<p>La Gu\u00e0rdia Urbana de Badalona disposar\u00e0 en els pr\u00f2xims mesos de 42 nous vehicles per a renovar el parc m\u00f2bil policial. L\u2019Ajuntament de Badalona ha fet els tr\u00e0mits perqu\u00e8 abans de l\u2019estiu el cos de seguretat municipal incorpori set nous cotxes patrulles, quinze motocicletes, una furgoneta d\u2019intervenci\u00f3, quinze cotxes sense logotips, dues furgonetes de transport [&hellip;]<\/p>\n","protected":false},"author":1,"featured_media":3872,"comment_status":"open","ping_status":"open","sticky":false,"template":"","format":"standard","meta":{"footnotes":""},"categories":[23],"tags":[],"class_list":{"0":"post-4977","1":"post","2":"type-post","3":"status-publish","4":"format-standard","5":"has-post-thumbnail","7":"category-actualitat"},"_links":{"self":[{"href":"https:\/\/areabadalona.com\/diario\/wp-json\/wp\/v2\/posts\/4977","targetHints":{"allow":["GET"]}}],"collection":[{"href":"https:\/\/areabadalona.com\/diario\/wp-json\/wp\/v2\/posts"}],"about":[{"href":"https:\/\/areabadalona.com\/diario\/wp-json\/wp\/v2\/types\/post"}],"author":[{"embeddable":true,"href":"https:\/\/areabadalona.com\/diario\/wp-json\/wp\/v2\/users\/1"}],"replies":[{"embeddable":true,"href":"https:\/\/areabadalona.com\/diario\/wp-json\/wp\/v2\/comments?post=4977"}],"version-history":[{"count":1,"href":"https:\/\/areabadalona.com\/diario\/wp-json\/wp\/v2\/posts\/4977\/revisions"}],"predecessor-version":[{"id":4978,"href":"https:\/\/areabadalona.com\/diario\/wp-json\/wp\/v2\/posts\/4977\/revisions\/4978"}],"wp:featuredmedia":[{"embeddable":true,"href":"https:\/\/areabadalona.com\/diario\/wp-json\/wp\/v2\/media\/3872"}],"wp:attachment":[{"href":"https:\/\/areabadalona.com\/diario\/wp-json\/wp\/v2\/media?parent=4977"}],"wp:term":[{"taxonomy":"category","embeddable":true,"href":"https:\/\/areabadalona.com\/diario\/wp-json\/wp\/v2\/categories?post=4977"},{"taxonomy":"post_tag","embeddable":true,"href":"https:\/\/areabadalona.com\/diario\/wp-json\/wp\/v2\/tags?post=4977"}],"curies":[{"name":"wp","href":"https:\/\/api.w.org\/{rel}","templated":true}]}}