{"id":4972,"date":"2023-03-16T09:46:48","date_gmt":"2023-03-16T09:46:48","guid":{"rendered":"https:\/\/areabadalona.com\/diario\/?p=4972"},"modified":"2023-03-16T09:46:49","modified_gmt":"2023-03-16T09:46:49","slug":"la-periodista-badalonina-laura-fa-sera-la-pregonera-de-les-festes-de-maig-de-badalona-2023","status":"publish","type":"post","link":"https:\/\/areabadalona.com\/diario\/2023\/03\/16\/la-periodista-badalonina-laura-fa-sera-la-pregonera-de-les-festes-de-maig-de-badalona-2023\/","title":{"rendered":"La periodista badalonina Laura Fa ser\u00e0 la pregonera de les Festes de Maig de Badalona 2023\u00a0"},"content":{"rendered":"\n<p>La periodista badalonina Laura Fa Campo ser\u00e0 l\u2019encarregada de llegir des del balc\u00f3 de la Casa de la Vila el divendres 5 de maig, a les 19 hores, el preg\u00f3 de les Festes de Maig de Badalona 2023.&nbsp;<\/p>\n\n\n\n<p>Nascuda a Barcelona l\u2019any 1974, i llicenciada en Hist\u00f2ria i Periodisme, va comen\u00e7ar la seva traject\u00f2ria professional a R\u00e0dio Ciutat de Badalona. Actualment \u00e9s un dels rostres m\u00e9s coneguts per les seves aparicions als mitjans de comunicaci\u00f3, i especialment a programes televisius de gran audi\u00e8ncia com S\u00e1lvame, com a especialista de l\u2019anomenada \u201cpremsa del cor\u201d, la seva gran passi\u00f3 professional.&nbsp;<\/p>\n\n\n\n<p>La periodista, que sovint assenyala que no es veu vivint a cap altre lloc que no sigui Badalona, a m\u00e9s de la seva dedicaci\u00f3 actual a programes televisius del grup Mediaset, incloses participacions a diferents <em>realitys.<\/em> Tamb\u00e9 col\u00b7labora habitualment en altres cadenes com TVE o TV3 i anteriorment ho havia fet a programes tan populars com l\u2019Aruscity de 8TV. &nbsp;<\/p>\n\n\n\n<p>Laura Fa, en col\u00b7laboraci\u00f3 amb Lorena V\u00e1zquez, presenten cada setmana el podcast Mamarazzis a El Peri\u00f3dico, sent un dels podscast revelaci\u00f3 a Ivoox, una de les principals plataformes de desc\u00e0rregues d\u2019\u00e0udio. La periodista tamb\u00e9 col\u00b7labora a revistes com Lecturas, i a emissores de r\u00e0dio com a Flaixbac i a programes l\u00edders com el Versi\u00f3 de RAC1.&nbsp;<\/p>\n\n\n\n<p>D\u2019altra banda, Laura Fa tamb\u00e9 ha publicat recentment, conjuntament amb l\u2019estilista, assessora d&#8217;imatge i escriptora Marta Pontnou, el llibre <em>Els pecats de la xona i tot all\u00f2 que la Moreneta ens perdona<\/em> (editorial Rosa del Vents) on amb molt d\u2019humor repassen aspectes de la vida quotidiana des del seu particular punt de vista.&nbsp;<\/p>\n","protected":false},"excerpt":{"rendered":"<p>La periodista badalonina Laura Fa Campo ser\u00e0 l\u2019encarregada de llegir des del balc\u00f3 de la Casa de la Vila el divendres 5 de maig, a les 19 hores, el preg\u00f3 de les Festes de Maig de Badalona 2023.&nbsp; Nascuda a Barcelona l\u2019any 1974, i llicenciada en Hist\u00f2ria i Periodisme, va comen\u00e7ar la seva traject\u00f2ria professional [&hellip;]<\/p>\n","protected":false},"author":2,"featured_media":4973,"comment_status":"open","ping_status":"open","sticky":false,"template":"","format":"standard","meta":{"footnotes":""},"categories":[23,25],"tags":[],"class_list":{"0":"post-4972","1":"post","2":"type-post","3":"status-publish","4":"format-standard","5":"has-post-thumbnail","7":"category-actualitat","8":"category-cultura"},"_links":{"self":[{"href":"https:\/\/areabadalona.com\/diario\/wp-json\/wp\/v2\/posts\/4972","targetHints":{"allow":["GET"]}}],"collection":[{"href":"https:\/\/areabadalona.com\/diario\/wp-json\/wp\/v2\/posts"}],"about":[{"href":"https:\/\/areabadalona.com\/diario\/wp-json\/wp\/v2\/types\/post"}],"author":[{"embeddable":true,"href":"https:\/\/areabadalona.com\/diario\/wp-json\/wp\/v2\/users\/2"}],"replies":[{"embeddable":true,"href":"https:\/\/areabadalona.com\/diario\/wp-json\/wp\/v2\/comments?post=4972"}],"version-history":[{"count":1,"href":"https:\/\/areabadalona.com\/diario\/wp-json\/wp\/v2\/posts\/4972\/revisions"}],"predecessor-version":[{"id":4974,"href":"https:\/\/areabadalona.com\/diario\/wp-json\/wp\/v2\/posts\/4972\/revisions\/4974"}],"wp:featuredmedia":[{"embeddable":true,"href":"https:\/\/areabadalona.com\/diario\/wp-json\/wp\/v2\/media\/4973"}],"wp:attachment":[{"href":"https:\/\/areabadalona.com\/diario\/wp-json\/wp\/v2\/media?parent=4972"}],"wp:term":[{"taxonomy":"category","embeddable":true,"href":"https:\/\/areabadalona.com\/diario\/wp-json\/wp\/v2\/categories?post=4972"},{"taxonomy":"post_tag","embeddable":true,"href":"https:\/\/areabadalona.com\/diario\/wp-json\/wp\/v2\/tags?post=4972"}],"curies":[{"name":"wp","href":"https:\/\/api.w.org\/{rel}","templated":true}]}}