{"id":4969,"date":"2023-03-15T09:27:32","date_gmt":"2023-03-15T09:27:32","guid":{"rendered":"https:\/\/areabadalona.com\/diario\/?p=4969"},"modified":"2023-03-15T09:27:32","modified_gmt":"2023-03-15T09:27:32","slug":"badalona-donara-el-tret-de-sortida-a-la-primera-cursa-del-circuito-de-carreras-ponle-freno-2023-el-diumenge-26-de-marc","status":"publish","type":"post","link":"https:\/\/areabadalona.com\/diario\/2023\/03\/15\/badalona-donara-el-tret-de-sortida-a-la-primera-cursa-del-circuito-de-carreras-ponle-freno-2023-el-diumenge-26-de-marc\/","title":{"rendered":"Badalona donar\u00e0 el tret de sortida a la primera cursa del \u2018Circuito de Carreras Ponle Freno 2023\u2019 el diumenge 26 de mar\u00e7\u00a0"},"content":{"rendered":"\n<p>Badalona acollir\u00e0 el diumenge 26 de mar\u00e7 a partir de les 10 hores la primera cursa del <em>Circuito de Carreras Ponle Freno 2023,<\/em> que enguany es celebrar\u00e0 a nou ciutats diferents. Les curses, impulsades per Atresmedia amb la col\u00b7laboraci\u00f3 de la Fundaci\u00f3 AXA, tenen com a objectiu conscienciar sobre la seguretat vial i destina la recaptaci\u00f3 al suport de les v\u00edctimes dels accidents de tr\u00e0nsit.&nbsp;<\/p>\n\n\n\n<p>Com en les altres edicions, la cursa Ponle Freno tindr\u00e0 dos circuits amb sortida al passeig Mar\u00edtim de la ciutat: un de 5 i l\u2019altre de 10 quil\u00f2metres i altres curses m\u00e9s petites per als nens i les nenes que hi vulguin participar. La cursa tindr\u00e0 una \u00fanica classificaci\u00f3 conjunta que distingir\u00e0 entre categoria masculina i femenina. Els tres primers classificats d\u2019aquestes dues categories rebran un trofeu acreditatiu del seu resultat.&nbsp;<\/p>\n\n\n\n<p>El termini d\u2019inscripci\u00f3 finalitza el dissabte 25 de mar\u00e7, a les 14 hores, o fins que s\u2019acabi el nombre de dorsals disponibles. La quota d\u2019inscripci\u00f3 \u00e9s de 5 euros que es destinaran \u00edntegrament a projectes en favor de les v\u00edctimes d\u2019accidents de tr\u00e0nsit i inclou el dorsal i el xip de la cursa i una samarreta t\u00e8cnica commemorativa. A Badalona els fons aniran destinats al programa Hospisport de la Federaci\u00f3 Catalana d\u2019Esports de Persones amb Discapacitat F\u00edsica. \u00c9s un projecte de rehabilitaci\u00f3 per a persones amb discapacitat f\u00edsica ingressades o recentment donades d&#8217;alta dels hospitals p\u00fablics catalans adscrits al programa. Hospisport presenta i apropa diverses activitats f\u00edsiques adaptades a les persones amb una discapacitat f\u00edsica.&nbsp;<\/p>\n\n\n\n<p>La recollida dels dorsals i les samarretes es podr\u00e0 realitzar el divendres 24, de 17 a 20 hores, i el dissabte 25 de mar\u00e7 d\u201911 a 20 hores al Centre Comercial Montigal\u00e0 (passeig d\u2019Olof Palme 28-36).&nbsp;<\/p>\n\n\n\n<p>A m\u00e9s de Badalona, el <em>Circuito de Carreras Ponle Freno<\/em> <em>2023<\/em> es completa amb les proves organitzades a les ciutats Saragossa (14 de maig), M\u00e0laga (10 de juny), Val\u00e8ncia (17 de juny), Pontevedra (24 de juny), Vit\u00f2ria-Gasteiz (24 de setembre), Santander (1 d&#8217;octubre), Madrid (19 de novembre) i Las Palmas de Gran Can\u00e0ria (17 de desembre).&nbsp;<\/p>\n\n\n\n<p>La presentaci\u00f3 de la cursa a la ciutat ha comptat amb la pres\u00e8ncia de la quarta tinenta d\u2019alcaldia i regidora de l&#8217;\u00c0mbit de Territori, Habitatge, Salut i Esports de l&#8217;Ajuntament de Badalona, Teresa Gonz\u00e1lez; del director general del Centro de Estudios y Opini\u00f3n de Ponle Freno-AXA i president de la Fundaci\u00f3 AXA, Josep Alfonso; del president de la Federaci\u00f3 Catalana d\u2019Esports de Persones amb Discapacitat F\u00edsica, Josep Gim\u00e9nez, i del campi\u00f3 del m\u00f3n de marat\u00f3, Mart\u00edn Fiz.&nbsp;<\/p>\n\n\n\n<p>La quarta tinenta d&#8217;alcaldia i regidora de l&#8217;\u00c0mbit de Territori, Habitatge, Esports i Salut, Teresa Gonz\u00e1lez, ha afirmat durant la presentaci\u00f3 de la cursa que \u00ab\u00e9s un orgull per a Badalona ser la ciutat que obre el Circuit de Curses Ponle Freno 2023, ja que unim el nostre nom a una causa solid\u00e0ria que comparteix els nostres valors\u00bb. La regidora Gonz\u00e1lez ha destacat que \u00abBadalona \u00e9s una ciutat oberta, que acull i que t\u00e9 les cures i el benestar de les persones com una prioritat, per aix\u00f2 volem ser part d&#8217;aquesta mena d&#8217;esdeveniments que posen la nostra ciutat en el mapa i la projecten a l&#8217;exterior de manera positiva, amable i optimista\u00bb.&nbsp;<\/p>\n\n\n\n<p>Josep Alfonso, director general de la Fundaci\u00f3 AXA, ha apuntat que \u201cBadalona \u00e9s una ciutat oberta al mar, i sens dubte, oberta al comprom\u00eds amb PONLE FRENO. Badalona obre el circuit dels 15 anys de PONLE FRENO, en el que sens dubte ser\u00e0 un any hist\u00f2ric per a aquesta iniciativa. Volem continuar conscienciant, i hem vist que a trav\u00e9s de les curses es genera proximitat al ciutad\u00e0. I el que \u00e9s m\u00e9s important, tota aquesta tasca es fa gaudint a trav\u00e9s de l&#8217;esport\u201d.&nbsp;<\/p>\n\n\n\n<p>D\u2019altra banda, Josep Gim\u00e9nez, president de la Federaci\u00f3 Catalana d&#8217;Esports de Persones amb Discapacitat F\u00edsica, ha posat el focus que \u201cens fem c\u00e0rrec de donar a con\u00e8ixer que despr\u00e9s d&#8217;un accident o una discapacitat de naixement, \u00e9s possible continuar amb una activitat esportiva, adaptada a les possibilitats de cada cas\u201d.&nbsp;<\/p>\n\n\n\n<p>La recaptaci\u00f3 que s&#8217;aconsegueix gr\u00e0cies a les inscripcions de les carreres i que es destina, des del principi i de manera \u00edntegra, a projectes en suport a v\u00edctimes d&#8217;accidents de tr\u00e0nsit, \u00e9s un clar exemple que reflecteix la filosofia amb la qual va n\u00e9ixer aquesta iniciativa de traspassar les pantalles i les ones per a crear un impacte directe en la societat. L&#8217;any passat, el Circuit de Carreras Ponle Freno va tancar 2022 amb una recaptaci\u00f3 de m\u00e9s de 220.000 euros a favor d&#8217;aquests projectes i va assolir m\u00e9s de 23.000 inscrits en les seves convocat\u00f2ries.\u00a0<\/p>\n\n\n\n<p>Per a m\u00e9s informaci\u00f3 sobre la prova a Badalona podeu consultar el <a href=\"https:\/\/compromiso.atresmedia.com\/ponlefreno\/carreras-ponle-freno\/2023\/badalona\/\">web de l\u2019esdeveniment<\/a>. \u00a0<\/p>\n","protected":false},"excerpt":{"rendered":"<p>Badalona acollir\u00e0 el diumenge 26 de mar\u00e7 a partir de les 10 hores la primera cursa del Circuito de Carreras Ponle Freno 2023, que enguany es celebrar\u00e0 a nou ciutats diferents. Les curses, impulsades per Atresmedia amb la col\u00b7laboraci\u00f3 de la Fundaci\u00f3 AXA, tenen com a objectiu conscienciar sobre la seguretat vial i destina la [&hellip;]<\/p>\n","protected":false},"author":2,"featured_media":4970,"comment_status":"open","ping_status":"open","sticky":false,"template":"","format":"standard","meta":{"footnotes":""},"categories":[26],"tags":[],"class_list":{"0":"post-4969","1":"post","2":"type-post","3":"status-publish","4":"format-standard","5":"has-post-thumbnail","7":"category-esports"},"_links":{"self":[{"href":"https:\/\/areabadalona.com\/diario\/wp-json\/wp\/v2\/posts\/4969","targetHints":{"allow":["GET"]}}],"collection":[{"href":"https:\/\/areabadalona.com\/diario\/wp-json\/wp\/v2\/posts"}],"about":[{"href":"https:\/\/areabadalona.com\/diario\/wp-json\/wp\/v2\/types\/post"}],"author":[{"embeddable":true,"href":"https:\/\/areabadalona.com\/diario\/wp-json\/wp\/v2\/users\/2"}],"replies":[{"embeddable":true,"href":"https:\/\/areabadalona.com\/diario\/wp-json\/wp\/v2\/comments?post=4969"}],"version-history":[{"count":1,"href":"https:\/\/areabadalona.com\/diario\/wp-json\/wp\/v2\/posts\/4969\/revisions"}],"predecessor-version":[{"id":4971,"href":"https:\/\/areabadalona.com\/diario\/wp-json\/wp\/v2\/posts\/4969\/revisions\/4971"}],"wp:featuredmedia":[{"embeddable":true,"href":"https:\/\/areabadalona.com\/diario\/wp-json\/wp\/v2\/media\/4970"}],"wp:attachment":[{"href":"https:\/\/areabadalona.com\/diario\/wp-json\/wp\/v2\/media?parent=4969"}],"wp:term":[{"taxonomy":"category","embeddable":true,"href":"https:\/\/areabadalona.com\/diario\/wp-json\/wp\/v2\/categories?post=4969"},{"taxonomy":"post_tag","embeddable":true,"href":"https:\/\/areabadalona.com\/diario\/wp-json\/wp\/v2\/tags?post=4969"}],"curies":[{"name":"wp","href":"https:\/\/api.w.org\/{rel}","templated":true}]}}