{"id":4966,"date":"2023-03-15T09:25:28","date_gmt":"2023-03-15T09:25:28","guid":{"rendered":"https:\/\/areabadalona.com\/diario\/?p=4966"},"modified":"2023-03-15T09:25:28","modified_gmt":"2023-03-15T09:25:28","slug":"lespai-betulia-acull-dimecres-la-taula-rodona-juntes-i-diverses-que-donara-veu-a-les-diferents-dones-i-cultures-que-conviuen-a-badalona","status":"publish","type":"post","link":"https:\/\/areabadalona.com\/diario\/2023\/03\/15\/lespai-betulia-acull-dimecres-la-taula-rodona-juntes-i-diverses-que-donara-veu-a-les-diferents-dones-i-cultures-que-conviuen-a-badalona\/","title":{"rendered":"L\u2019Espai Bet\u00falia acull dimecres la taula rodona \u201cJuntes i diverses\u201d que donar\u00e0 veu a les diferents dones i cultures que conviuen a Badalona\u00a0"},"content":{"rendered":"\n<p>Aquest dimecres 15 de mar\u00e7, a partir de les 18 hores, i a l\u2019Espai Bet\u00falia (carrer d&#8217;Enric Borr\u00e0s, 43-47) tindr\u00e0 lloc la taula rodona \u00abJuntes i diverses\u00bb. L&#8217;acte estar\u00e0 moderat per la periodista N\u00faria Rodr\u00edguez, i comptar\u00e0 amb 4 ponents de proced\u00e8ncies diverses: Manu Kaur, Sara Cuentas, Bombo Ndir i Sukaine Fares. L\u2019espectacle de dansa a c\u00e0rrec de Kelly Lua posar\u00e0 el punt final a l\u2019activitat.&nbsp;<\/p>\n\n\n\n<p>La taula rodona forma part de les activitats que la regidoria de Feminismes i LGTBIQ+ ha programat per a la ciutadania amb motiu del Dia Internacional de les Dones 8 de mar\u00e7.&nbsp;<\/p>\n\n\n\n<p><strong>Donar veu a les diferents dones i cultures&nbsp;<\/strong><\/p>\n\n\n\n<p>Aquesta taula rodona t\u00e9 l&#8217;objectiu de donar veu a les diferents dones i cultures que conviuen a la ciutat de Badalona. A m\u00e9s, l&#8217;acte donar\u00e0 a con\u00e8ixer com es viu el feminisme des de les diferents cultures, quines visions dels feminismes hi ha i com estan convivint a la ciutat de Badalona. &nbsp;<\/p>\n\n\n\n<p>La segona tinenta d\u2019alcaldia i regidora de l\u2019\u00c0mbit d\u2019Educaci\u00f3, Feminismes i LGTBIQ+, Ciutadania, Participaci\u00f3 i Agenda 2030, A\u00efda Llaurad\u00f3, ha destacat que: \u00abaquest \u00e9s un acte que destaca per donar veu a feminismes de diferents cultures i or\u00edgens, experi\u00e8ncies de conviv\u00e8ncia dels feminismes i ens fa reflexionar sobre les nostres contradiccions. Esperem que de la taula rodona puguin sortir sinergies de treball conjunt entre els diferents feminismes de la ciutat tamb\u00e9 des d&#8217;una perspectiva descolonial i antiracista\u00bb.&nbsp;<\/p>\n","protected":false},"excerpt":{"rendered":"<p>Aquest dimecres 15 de mar\u00e7, a partir de les 18 hores, i a l\u2019Espai Bet\u00falia (carrer d&#8217;Enric Borr\u00e0s, 43-47) tindr\u00e0 lloc la taula rodona \u00abJuntes i diverses\u00bb. L&#8217;acte estar\u00e0 moderat per la periodista N\u00faria Rodr\u00edguez, i comptar\u00e0 amb 4 ponents de proced\u00e8ncies diverses: Manu Kaur, Sara Cuentas, Bombo Ndir i Sukaine Fares. L\u2019espectacle de dansa [&hellip;]<\/p>\n","protected":false},"author":1,"featured_media":4967,"comment_status":"open","ping_status":"open","sticky":false,"template":"","format":"standard","meta":{"footnotes":""},"categories":[23],"tags":[],"class_list":{"0":"post-4966","1":"post","2":"type-post","3":"status-publish","4":"format-standard","5":"has-post-thumbnail","7":"category-actualitat"},"_links":{"self":[{"href":"https:\/\/areabadalona.com\/diario\/wp-json\/wp\/v2\/posts\/4966","targetHints":{"allow":["GET"]}}],"collection":[{"href":"https:\/\/areabadalona.com\/diario\/wp-json\/wp\/v2\/posts"}],"about":[{"href":"https:\/\/areabadalona.com\/diario\/wp-json\/wp\/v2\/types\/post"}],"author":[{"embeddable":true,"href":"https:\/\/areabadalona.com\/diario\/wp-json\/wp\/v2\/users\/1"}],"replies":[{"embeddable":true,"href":"https:\/\/areabadalona.com\/diario\/wp-json\/wp\/v2\/comments?post=4966"}],"version-history":[{"count":1,"href":"https:\/\/areabadalona.com\/diario\/wp-json\/wp\/v2\/posts\/4966\/revisions"}],"predecessor-version":[{"id":4968,"href":"https:\/\/areabadalona.com\/diario\/wp-json\/wp\/v2\/posts\/4966\/revisions\/4968"}],"wp:featuredmedia":[{"embeddable":true,"href":"https:\/\/areabadalona.com\/diario\/wp-json\/wp\/v2\/media\/4967"}],"wp:attachment":[{"href":"https:\/\/areabadalona.com\/diario\/wp-json\/wp\/v2\/media?parent=4966"}],"wp:term":[{"taxonomy":"category","embeddable":true,"href":"https:\/\/areabadalona.com\/diario\/wp-json\/wp\/v2\/categories?post=4966"},{"taxonomy":"post_tag","embeddable":true,"href":"https:\/\/areabadalona.com\/diario\/wp-json\/wp\/v2\/tags?post=4966"}],"curies":[{"name":"wp","href":"https:\/\/api.w.org\/{rel}","templated":true}]}}