{"id":4959,"date":"2023-03-13T09:21:59","date_gmt":"2023-03-13T09:21:59","guid":{"rendered":"https:\/\/areabadalona.com\/diario\/?p=4959"},"modified":"2023-03-13T09:22:00","modified_gmt":"2023-03-13T09:22:00","slug":"aida-llaurado-i-laura-perez-reivindiquen-les-politiques-municipalistes-feministes","status":"publish","type":"post","link":"https:\/\/areabadalona.com\/diario\/2023\/03\/13\/aida-llaurado-i-laura-perez-reivindiquen-les-politiques-municipalistes-feministes\/","title":{"rendered":"A\u00efda\u00a0Llaurad\u00f3\u00a0i Laura P\u00e9rez reivindiquen les pol\u00edtiques municipalistes feministes"},"content":{"rendered":"\n<p>Badalona En Com\u00fa Podem va celebrar la seva <strong>Trobada Feminista<\/strong> en el marc del 8 de mar\u00e7 amb <strong>A\u00efda&nbsp;Llaurad\u00f3<\/strong>, 2a&nbsp;Tinenta&nbsp;d&#8217;Alcaldia d&#8217;Educaci\u00f3, Feminismes i LGTBIQ+ i Agenda 2030 de Badalona, i <strong>Laura P\u00e9rez<\/strong>,&nbsp;4rta&nbsp;Tinienta&nbsp;d&#8217;Alcaldia de Drets Socials, Just\u00edcia Global, Feminismes i LGTBI de Barcelona, a la Pla\u00e7a Ant\u00f2nia Boada de Bufal\u00e0. La formaci\u00f3 morada va voler parlar de l&#8217;actualitat feminista marcada per la import\u00e0ncia del consentiment i del desig i del \u00absolo s\u00ed&nbsp;es&nbsp;s\u00ed\u00bb davant l&#8217;allau de feminicidis, violacions i agressions masclistes.<\/p>\n\n\n\n<p><strong>A\u00efda&nbsp;Llaurad\u00f3<\/strong>&nbsp;va&nbsp;posar en valor&nbsp;les pol\u00edtiques feministes encap\u00e7alades pel govern d&#8217;<strong>Ada Colau<\/strong> a Barcelona, amb <strong>Laura P\u00e9rez <\/strong>al capdavant de la regidoria de Feminismes durant aquests \u00faltims&nbsp;8&nbsp;anys i les pol\u00edtiques impulsades pel Ministeri d&#8217;Igualtat amb la ministra<strong> Irene&nbsp;Montero<\/strong>&nbsp;en la defensa dels drets de les dones. A m\u00e9s, <strong>En&nbsp;Com\u00fa Podem <\/strong>ha penjat diferents pancartes a tota la ciutat sota el lema \u00abel nostre cos, la nostra decisi\u00f3\u00bb, que va acompanyar l&#8217;acte, perqu\u00e8 <strong>\u00abes&nbsp;un bon moment per reivindicar la vict\u00f2ria recent per al moviment feminista com \u00e9s la nova llei de l&#8217;avortament i la derrota del recurs del Partit Popular despr\u00e9s d&#8217;intentar limitar aquest dret. La societat no permetr\u00e0 ni un sol retroc\u00e9s pel que fa als drets de les dones, per aix\u00f2 l&#8217;altre dia la manifestaci\u00f3 unit\u00e0ria del 8M a Badalona va ser un \u00e8xit\u00bb<\/strong> ha reivindicat&nbsp;Llaurad\u00f3.<\/p>\n\n\n\n<p><strong>Laura P\u00e9rez<\/strong> va parlar de la import\u00e0ncia de tenir un govern que faci pol\u00edtiques feministes efectives, i pol\u00edtiques amb perspectiva de g\u00e8nere, on les dones i la mirada diversa i transversal en totes les pol\u00edtiques <strong>\u00abque nom\u00e9s representa A\u00efda&nbsp;Llaurad\u00f3&nbsp;i Badalona En Com\u00fa Podem, i per aix\u00f2 \u00e9s important\u00edssim que despr\u00e9s de les Eleccions Municipals a Badalona tinguem una alcaldessa com&nbsp;Llaurad\u00f3\u00bb<\/strong> va dir P\u00e9rez.<\/p>\n\n\n\n<p>L&#8217;acte va finalitzar amb un sorteig de joguines sexuals que es van entregar al final de la Trobada Feminista, que va comptar amb m\u00fasica i un pica-pica obert a les ve\u00efnes i ve\u00efns del barri.<\/p>\n","protected":false},"excerpt":{"rendered":"<p>Badalona En Com\u00fa Podem va celebrar la seva Trobada Feminista en el marc del 8 de mar\u00e7 amb A\u00efda&nbsp;Llaurad\u00f3, 2a&nbsp;Tinenta&nbsp;d&#8217;Alcaldia d&#8217;Educaci\u00f3, Feminismes i LGTBIQ+ i Agenda 2030 de Badalona, i Laura P\u00e9rez,&nbsp;4rta&nbsp;Tinienta&nbsp;d&#8217;Alcaldia de Drets Socials, Just\u00edcia Global, Feminismes i LGTBI de Barcelona, a la Pla\u00e7a Ant\u00f2nia Boada de Bufal\u00e0. La formaci\u00f3 morada va voler parlar [&hellip;]<\/p>\n","protected":false},"author":2,"featured_media":4960,"comment_status":"open","ping_status":"open","sticky":false,"template":"","format":"standard","meta":{"footnotes":""},"categories":[23],"tags":[],"class_list":{"0":"post-4959","1":"post","2":"type-post","3":"status-publish","4":"format-standard","5":"has-post-thumbnail","7":"category-actualitat"},"_links":{"self":[{"href":"https:\/\/areabadalona.com\/diario\/wp-json\/wp\/v2\/posts\/4959","targetHints":{"allow":["GET"]}}],"collection":[{"href":"https:\/\/areabadalona.com\/diario\/wp-json\/wp\/v2\/posts"}],"about":[{"href":"https:\/\/areabadalona.com\/diario\/wp-json\/wp\/v2\/types\/post"}],"author":[{"embeddable":true,"href":"https:\/\/areabadalona.com\/diario\/wp-json\/wp\/v2\/users\/2"}],"replies":[{"embeddable":true,"href":"https:\/\/areabadalona.com\/diario\/wp-json\/wp\/v2\/comments?post=4959"}],"version-history":[{"count":1,"href":"https:\/\/areabadalona.com\/diario\/wp-json\/wp\/v2\/posts\/4959\/revisions"}],"predecessor-version":[{"id":4961,"href":"https:\/\/areabadalona.com\/diario\/wp-json\/wp\/v2\/posts\/4959\/revisions\/4961"}],"wp:featuredmedia":[{"embeddable":true,"href":"https:\/\/areabadalona.com\/diario\/wp-json\/wp\/v2\/media\/4960"}],"wp:attachment":[{"href":"https:\/\/areabadalona.com\/diario\/wp-json\/wp\/v2\/media?parent=4959"}],"wp:term":[{"taxonomy":"category","embeddable":true,"href":"https:\/\/areabadalona.com\/diario\/wp-json\/wp\/v2\/categories?post=4959"},{"taxonomy":"post_tag","embeddable":true,"href":"https:\/\/areabadalona.com\/diario\/wp-json\/wp\/v2\/tags?post=4959"}],"curies":[{"name":"wp","href":"https:\/\/api.w.org\/{rel}","templated":true}]}}