{"id":4950,"date":"2023-03-10T12:42:52","date_gmt":"2023-03-10T12:42:52","guid":{"rendered":"https:\/\/areabadalona.com\/diario\/?p=4950"},"modified":"2023-03-10T12:42:52","modified_gmt":"2023-03-10T12:42:52","slug":"badalona-commemora-aquest-dissabte-11-de-marc-el-dia-europeu-de-les-victimes-del-terrorisme","status":"publish","type":"post","link":"https:\/\/areabadalona.com\/diario\/2023\/03\/10\/badalona-commemora-aquest-dissabte-11-de-marc-el-dia-europeu-de-les-victimes-del-terrorisme\/","title":{"rendered":"Badalona commemora aquest dissabte 11 de mar\u00e7 el Dia Europeu de les V\u00edctimes del Terrorisme\u00a0"},"content":{"rendered":"\n<p>L\u2019Ajuntament de Badalona s\u2019adhereix al minut de silenci amb motiu del Dia Europeu de les V\u00edctimes del Terrorisme. L\u2019acte se celebrar\u00e0 dem\u00e0 <strong>dissabte, 11 de mar\u00e7, a les 12 hores, a la pla\u00e7a de la Vila de Badalona <\/strong>i comptar\u00e0 amb l\u2019assist\u00e8ncia de regidors i regidores dels diferents grups municipals de l\u2019Ajuntament. L\u2019acte consistir\u00e0 en una ofrena floral davant la placa commemorativa que hi ha en record de les v\u00edctimes de l\u201911M i en un minut de silenci per recordar i mostrar el suport a les v\u00edctimes i les seves fam\u00edlies.&nbsp;<\/p>\n\n\n\n<p>Recordem que la Uni\u00f3 Europea dedica l\u201911 de mar\u00e7 al record de les v\u00edctimes d\u2019atacs terroristes, a les seves fam\u00edlies i als seus amics. L\u201911 de mar\u00e7 \u00e9s precisament la data en qu\u00e8 va tenir lloc l\u2019atemptat a Madrid que va acabar amb la vida de cent noranta-una persones i mes de mil vuit-centes ferides. &nbsp;<\/p>\n","protected":false},"excerpt":{"rendered":"<p>L\u2019Ajuntament de Badalona s\u2019adhereix al minut de silenci amb motiu del Dia Europeu de les V\u00edctimes del Terrorisme. L\u2019acte se celebrar\u00e0 dem\u00e0 dissabte, 11 de mar\u00e7, a les 12 hores, a la pla\u00e7a de la Vila de Badalona i comptar\u00e0 amb l\u2019assist\u00e8ncia de regidors i regidores dels diferents grups municipals de l\u2019Ajuntament. L\u2019acte consistir\u00e0 en [&hellip;]<\/p>\n","protected":false},"author":2,"featured_media":4951,"comment_status":"open","ping_status":"open","sticky":false,"template":"","format":"standard","meta":{"footnotes":""},"categories":[23,24],"tags":[],"class_list":{"0":"post-4950","1":"post","2":"type-post","3":"status-publish","4":"format-standard","5":"has-post-thumbnail","7":"category-actualitat","8":"category-societat"},"_links":{"self":[{"href":"https:\/\/areabadalona.com\/diario\/wp-json\/wp\/v2\/posts\/4950","targetHints":{"allow":["GET"]}}],"collection":[{"href":"https:\/\/areabadalona.com\/diario\/wp-json\/wp\/v2\/posts"}],"about":[{"href":"https:\/\/areabadalona.com\/diario\/wp-json\/wp\/v2\/types\/post"}],"author":[{"embeddable":true,"href":"https:\/\/areabadalona.com\/diario\/wp-json\/wp\/v2\/users\/2"}],"replies":[{"embeddable":true,"href":"https:\/\/areabadalona.com\/diario\/wp-json\/wp\/v2\/comments?post=4950"}],"version-history":[{"count":1,"href":"https:\/\/areabadalona.com\/diario\/wp-json\/wp\/v2\/posts\/4950\/revisions"}],"predecessor-version":[{"id":4952,"href":"https:\/\/areabadalona.com\/diario\/wp-json\/wp\/v2\/posts\/4950\/revisions\/4952"}],"wp:featuredmedia":[{"embeddable":true,"href":"https:\/\/areabadalona.com\/diario\/wp-json\/wp\/v2\/media\/4951"}],"wp:attachment":[{"href":"https:\/\/areabadalona.com\/diario\/wp-json\/wp\/v2\/media?parent=4950"}],"wp:term":[{"taxonomy":"category","embeddable":true,"href":"https:\/\/areabadalona.com\/diario\/wp-json\/wp\/v2\/categories?post=4950"},{"taxonomy":"post_tag","embeddable":true,"href":"https:\/\/areabadalona.com\/diario\/wp-json\/wp\/v2\/tags?post=4950"}],"curies":[{"name":"wp","href":"https:\/\/api.w.org\/{rel}","templated":true}]}}