{"id":4942,"date":"2023-03-10T10:56:29","date_gmt":"2023-03-10T10:56:29","guid":{"rendered":"https:\/\/areabadalona.com\/diario\/?p=4942"},"modified":"2023-03-10T10:56:29","modified_gmt":"2023-03-10T10:56:29","slug":"lespai-betulia-acull-lexposicio-papers-al-vent-sergi-marcos-una-visio-plastica-del-haiku-catala","status":"publish","type":"post","link":"https:\/\/areabadalona.com\/diario\/2023\/03\/10\/lespai-betulia-acull-lexposicio-papers-al-vent-sergi-marcos-una-visio-plastica-del-haiku-catala\/","title":{"rendered":"L\u2019Espai Bet\u00falia acull l\u2019exposici\u00f3 \u201cPapers al vent. Sergi Marcos, una visi\u00f3 pl\u00e0stica del haiku catal\u00e0\u201d\u00a0"},"content":{"rendered":"\n<p>L\u2019Espai Bet\u00falia, Centre de la paraula i les lletres (carrer d\u2019Enric Borr\u00e0s, 43-47) acull a partir d\u2019aquest dijous l\u2019exposici\u00f3 \u201cPapers al vent. Sergi Marcos, una visi\u00f3 pl\u00e0stica del haiku catal\u00e0\u201d. La inauguraci\u00f3 oficial tindr\u00e0 lloc <strong>dijous, 16 de mar\u00e7, a les 19.30 hores<\/strong> i la mostra es podr\u00e0 veure fins al 24 de maig, de dilluns a divendres, de 10 a 20.30 hores. Recordem per\u00f2 que del 3 al 6 d\u2019abril l\u2019Espai Bet\u00falia estar\u00e0 tancat per vacances de Setmana Santa. El dimecres 10 de maig a la tarda i el dijous 11 de maig, Sant Anastasi, tamb\u00e9 romandr\u00e0 tancat.&nbsp;<\/p>\n\n\n\n<p>A partir d\u2019una tria personal de haikus (una de les formes de poesia tradicional japonesa m\u00e9s esteses) del llibre <em>Llum a les golfes. Una antologia del haiku modern i contemporani catal\u00e0<\/em>, preparat per D. Sam Abrams, el pintor Sergi Marcos ha creat una col\u00b7lecci\u00f3 de 52 collages que ofereixen la seva visi\u00f3 pl\u00e0stica del haiku catal\u00e0. Per a la seva creaci\u00f3 ha seguit la categoria est\u00e8tica japonesa del <em>wabi-sabi<\/em>, un terme japon\u00e8s que descriu un tipus de visi\u00f3 est\u00e8tica basada en \u201cla bellesa de la imperfecci\u00f3\u201d.&nbsp;<\/p>\n\n\n\n<p>Segons l\u2019autor \u201cel haiku \u00e9s molt proper a la t\u00e8cnica del collage\u201d que li \u201cpermet treballar d\u2019una manera directa i aprofundir en l\u2019impacte del poema d\u2019una manera fresca, intu\u00eftiva i inspirada. Abans de comen\u00e7ar cada collage faig una immersi\u00f3 en el poema per despr\u00e9s oblidar-lo i passar a treballar des de la sensaci\u00f3 que m&#8217;ha produ\u00eft\u201d. \u00a0<\/p>\n\n\n\n<div><a href=\"https:\/\/areabadalona.com\/diario\/wp-content\/uploads\/2023\/03\/PAPERS-AL-VENT-1-1024x700.jpg\" class=\"td-modal-image\"><figure class=\"wp-block-image size-large\"><img loading=\"lazy\" decoding=\"async\" width=\"1024\" height=\"700\" src=\"https:\/\/areabadalona.com\/diario\/wp-content\/uploads\/2023\/03\/PAPERS-AL-VENT-1-1024x700.jpg\" alt=\"\" class=\"wp-image-4943\" srcset=\"https:\/\/areabadalona.com\/diario\/wp-content\/uploads\/2023\/03\/PAPERS-AL-VENT-1-1024x700.jpg 1024w, https:\/\/areabadalona.com\/diario\/wp-content\/uploads\/2023\/03\/PAPERS-AL-VENT-1-300x205.jpg 300w, https:\/\/areabadalona.com\/diario\/wp-content\/uploads\/2023\/03\/PAPERS-AL-VENT-1-768x525.jpg 768w, https:\/\/areabadalona.com\/diario\/wp-content\/uploads\/2023\/03\/PAPERS-AL-VENT-1-150x103.jpg 150w, https:\/\/areabadalona.com\/diario\/wp-content\/uploads\/2023\/03\/PAPERS-AL-VENT-1-218x150.jpg 218w, https:\/\/areabadalona.com\/diario\/wp-content\/uploads\/2023\/03\/PAPERS-AL-VENT-1-696x476.jpg 696w, https:\/\/areabadalona.com\/diario\/wp-content\/uploads\/2023\/03\/PAPERS-AL-VENT-1-1068x730.jpg 1068w, https:\/\/areabadalona.com\/diario\/wp-content\/uploads\/2023\/03\/PAPERS-AL-VENT-1.jpg 1200w\" sizes=\"auto, (max-width: 1024px) 100vw, 1024px\" \/><\/figure><\/a><\/div>\n\n\n\n<p><strong><u>Activitats complement\u00e0ries<\/u><\/strong>&nbsp;<\/p>\n\n\n\n<p><strong>Visita guiada amb l\u2019autor&nbsp;<\/strong><\/p>\n\n\n\n<p>Dimarts 18 d\u2019abril, a les 19 hores. &nbsp;<\/p>\n\n\n\n<p>Visita guiada amb l\u2019autor Sergi Marcos.&nbsp;<\/p>\n\n\n\n<p><strong>Presentaci\u00f3 del llibre <em>Llum a les golfes <\/em>i recital de haikus&nbsp;<\/strong><\/p>\n\n\n\n<p>El dimecres 3 de maig, a les 19 hores, es presentar\u00e0 el <em>llibre Llum a les golfes. Una antologia del haiku modern i contemporani catal\u00e0<\/em>, i s\u2019acompanyar\u00e0 d\u2019un recital de haikus. La presentaci\u00f3 anir\u00e0 a c\u00e0rrec de D. Sam Abrams. Recitaran: Joan de la Vega, Bel Granya, Coloma Lleal, Sergi Marcos, Mart\u00ed Noy, Jordi Pujol Nadal i Jordi Valls.&nbsp;<\/p>\n\n\n\n<p><strong>Visita guiada amb l\u2019autor&nbsp;<\/strong><\/p>\n\n\n\n<p>Dimecres 24 de maig, a les 19 hores. &nbsp;<\/p>\n\n\n\n<p>Visita guiada amb l\u2019autor Sergi Marcos.&nbsp;<\/p>\n\n\n\n<p><strong>Visites escolars i tallers<\/strong> a concertar per al cicle superior de prim\u00e0ria i 1er i 2n d\u2019ESO.&nbsp;<\/p>\n\n\n\n<p>Per a m\u00e9s informaci\u00f3 es pot trucar al tel\u00e8fon 93 464 62 55&nbsp;<\/p>\n","protected":false},"excerpt":{"rendered":"<p>L\u2019Espai Bet\u00falia, Centre de la paraula i les lletres (carrer d\u2019Enric Borr\u00e0s, 43-47) acull a partir d\u2019aquest dijous l\u2019exposici\u00f3 \u201cPapers al vent. Sergi Marcos, una visi\u00f3 pl\u00e0stica del haiku catal\u00e0\u201d. La inauguraci\u00f3 oficial tindr\u00e0 lloc dijous, 16 de mar\u00e7, a les 19.30 hores i la mostra es podr\u00e0 veure fins al 24 de maig, de [&hellip;]<\/p>\n","protected":false},"author":1,"featured_media":4944,"comment_status":"open","ping_status":"open","sticky":false,"template":"","format":"standard","meta":{"footnotes":""},"categories":[23],"tags":[],"class_list":{"0":"post-4942","1":"post","2":"type-post","3":"status-publish","4":"format-standard","5":"has-post-thumbnail","7":"category-actualitat"},"_links":{"self":[{"href":"https:\/\/areabadalona.com\/diario\/wp-json\/wp\/v2\/posts\/4942","targetHints":{"allow":["GET"]}}],"collection":[{"href":"https:\/\/areabadalona.com\/diario\/wp-json\/wp\/v2\/posts"}],"about":[{"href":"https:\/\/areabadalona.com\/diario\/wp-json\/wp\/v2\/types\/post"}],"author":[{"embeddable":true,"href":"https:\/\/areabadalona.com\/diario\/wp-json\/wp\/v2\/users\/1"}],"replies":[{"embeddable":true,"href":"https:\/\/areabadalona.com\/diario\/wp-json\/wp\/v2\/comments?post=4942"}],"version-history":[{"count":1,"href":"https:\/\/areabadalona.com\/diario\/wp-json\/wp\/v2\/posts\/4942\/revisions"}],"predecessor-version":[{"id":4945,"href":"https:\/\/areabadalona.com\/diario\/wp-json\/wp\/v2\/posts\/4942\/revisions\/4945"}],"wp:featuredmedia":[{"embeddable":true,"href":"https:\/\/areabadalona.com\/diario\/wp-json\/wp\/v2\/media\/4944"}],"wp:attachment":[{"href":"https:\/\/areabadalona.com\/diario\/wp-json\/wp\/v2\/media?parent=4942"}],"wp:term":[{"taxonomy":"category","embeddable":true,"href":"https:\/\/areabadalona.com\/diario\/wp-json\/wp\/v2\/categories?post=4942"},{"taxonomy":"post_tag","embeddable":true,"href":"https:\/\/areabadalona.com\/diario\/wp-json\/wp\/v2\/tags?post=4942"}],"curies":[{"name":"wp","href":"https:\/\/api.w.org\/{rel}","templated":true}]}}