{"id":4935,"date":"2023-03-10T10:41:18","date_gmt":"2023-03-10T10:41:18","guid":{"rendered":"https:\/\/areabadalona.com\/diario\/?p=4935"},"modified":"2023-03-10T10:41:19","modified_gmt":"2023-03-10T10:41:19","slug":"arriba-a-badalona-el-servei-de-bicicleta-compartida-metropolita-ambici","status":"publish","type":"post","link":"https:\/\/areabadalona.com\/diario\/2023\/03\/10\/arriba-a-badalona-el-servei-de-bicicleta-compartida-metropolita-ambici\/","title":{"rendered":"Arriba a Badalona el servei de bicicleta compartida metropolit\u00e0 AMBici\u00a0"},"content":{"rendered":"\n<p>Al llarg d\u2019aquest mes de mar\u00e7 finalitzar\u00e0 la instal\u00b7laci\u00f3 de les 31 estacions, per a un total de 341 bicicletes, que donaran cobertura a tota la ciutat del servei de bicicleta compartida metropolit\u00e0 AMBici. Les bicicletes que es posaran en aquest servei s\u00f3n 100% el\u00e8ctriques de darrera generaci\u00f3, concretament el model e-SMARTbike 2.0 que ofereix la facilitat per maniobrar de forma \u00e0gil i segura.&nbsp;<\/p>\n\n\n\n<p>El nou servei de bicicleta p\u00fablica \u00e9s un sistema de transport d\u2019\u00fas individual que permetr\u00e0 als badalonins i les badalonines completar els seus despla\u00e7aments habituals en bicicleta el\u00e8ctrica de forma sostenible i econ\u00f2mica.&nbsp;<\/p>\n\n\n\n<p>Les ubicacions de les estacions per a les bicicletes s\u2019han escollit tenint present la connexi\u00f3 amb el transport p\u00fablic i els equipaments sanitaris, educatius i esportius. Les estacions seran modulars i 18 disposaran de rec\u00e0rrega el\u00e8ctrica.&nbsp;<\/p>\n\n\n\n<p>Durant el 2023, l\u2019AMB aplicar\u00e0 una tarifa promocional de 25 \u20ac l\u2019any per abonament, que permetr\u00e0 30 minuts d\u2019\u00fas gratu\u00efts per cada trajecte. Despr\u00e9s dels 30 minuts gratu\u00efts, costar\u00e0 0,50 \u20ac cada 30 minuts..&nbsp;<\/p>\n\n\n\n<p>La posada en marxa del servei de bicicletes AMBici es preveu per al pr\u00f2xim mes d&#8217;abril.&nbsp;<\/p>\n\n\n\n<p>La regidora de Mobilitat de l\u2019Ajuntament de Badalona, Anna Maria Lara, ha assenyalat que: \u201camb el servei de bicicletes p\u00fabliques compartides volem facilitar una mobilitat m\u00e9s saludable, m\u00e9s responsable i m\u00e9s respectuosa amb el medi ambient a la nostra ciutat\u201d.\u00a0<\/p>\n\n\n\n<div><a href=\"https:\/\/areabadalona.com\/diario\/wp-content\/uploads\/2023\/03\/Installacio-AMBici-Manresa-1024x768.jpg\" class=\"td-modal-image\"><figure class=\"wp-block-image size-large\"><img loading=\"lazy\" decoding=\"async\" width=\"1024\" height=\"768\" src=\"https:\/\/areabadalona.com\/diario\/wp-content\/uploads\/2023\/03\/Installacio-AMBici-Manresa-1024x768.jpg\" alt=\"\" class=\"wp-image-4936\" srcset=\"https:\/\/areabadalona.com\/diario\/wp-content\/uploads\/2023\/03\/Installacio-AMBici-Manresa-1024x768.jpg 1024w, https:\/\/areabadalona.com\/diario\/wp-content\/uploads\/2023\/03\/Installacio-AMBici-Manresa-300x225.jpg 300w, https:\/\/areabadalona.com\/diario\/wp-content\/uploads\/2023\/03\/Installacio-AMBici-Manresa-768x576.jpg 768w, https:\/\/areabadalona.com\/diario\/wp-content\/uploads\/2023\/03\/Installacio-AMBici-Manresa-150x113.jpg 150w, https:\/\/areabadalona.com\/diario\/wp-content\/uploads\/2023\/03\/Installacio-AMBici-Manresa-696x522.jpg 696w, https:\/\/areabadalona.com\/diario\/wp-content\/uploads\/2023\/03\/Installacio-AMBici-Manresa-1068x801.jpg 1068w, https:\/\/areabadalona.com\/diario\/wp-content\/uploads\/2023\/03\/Installacio-AMBici-Manresa.jpg 1200w\" sizes=\"auto, (max-width: 1024px) 100vw, 1024px\" \/><\/figure><\/a><\/div>\n\n\n\n<p>Pe que fa a les preguntes i els dubtes m\u00e9s freq\u00fcents sobre el servei Ambici es poden resoldre consultar la p\u00e0gina web seg\u00fcent:\u00a0<a href=\"https:\/\/www.ambici.cat\/ca\/faq\/\">https:\/\/www.ambici.cat\/ca\/faq\/<\/a><\/p>\n\n\n\n<p><strong>Ubicaci\u00f3 de les estacions AMBici a Badalona&nbsp;<\/strong><\/p>\n\n\n\n<figure class=\"wp-block-table\"><table><tbody><tr><td>Lloc&nbsp;<\/td><td>Adre\u00e7a&nbsp;<\/td><td>Total bicicletes (ancoratges)&nbsp;<\/td><\/tr><tr><td>Metro Gorg&nbsp;<\/td><td>Av. del Marqu\u00e8s de Mont-Roig, s\/n&nbsp;<\/td><td>22&nbsp;<\/td><\/tr><tr><td>Morera&nbsp;<\/td><td>Av. Bac de Roda&nbsp;<\/td><td>16&nbsp;<\/td><\/tr><tr><td>Platja d\u2019en Botifarreta&nbsp;<\/td><td>Passeig Mar\u00edtim, s\/n&nbsp;<\/td><td>16&nbsp;<\/td><\/tr><tr><td>Metro Artigues\/Sant Adri\u00e0&nbsp;<\/td><td>&nbsp;<\/td><td>22&nbsp;<\/td><\/tr><tr><td>La Mora&nbsp;<\/td><td>Eduard Maristany s\/n&nbsp;<\/td><td>22&nbsp;<\/td><\/tr><tr><td>Canyad\u00f3&nbsp;<\/td><td>Riera de Canyad\u00f3, 38&nbsp;<\/td><td>22&nbsp;<\/td><\/tr><tr><td>Pomar&nbsp;<\/td><td>Av. del Primer de Maig&nbsp;<\/td><td>22&nbsp;<\/td><\/tr><tr><td>Bufal\u00e0&nbsp;<\/td><td>Mol\u00ed de la Torre, 30&nbsp;<\/td><td>18&nbsp;<\/td><\/tr><tr><td>Montigal\u00e0&nbsp;<\/td><td>Carrer de la Ci\u00e8ncia&nbsp;<\/td><td>18&nbsp;<\/td><\/tr><tr><td>Renfe Badalona&nbsp;<\/td><td>Pla\u00e7a de Roca i Pi, s\/n&nbsp;<\/td><td>24&nbsp;<\/td><\/tr><tr><td>Parc de Torrents i Llad\u00f3&nbsp;<\/td><td>Av. d\u2019en Mart\u00ed i Pujol, 614&nbsp;<\/td><td>22&nbsp;<\/td><\/tr><tr><td>Metro Pep Ventura&nbsp;<\/td><td>Av. del Marqu\u00e8s de Mont-Roig, 17&nbsp;<\/td><td>24&nbsp;<\/td><\/tr><tr><td>Mart\u00ed i Pujol \u2013 Quinta Elvira&nbsp;<\/td><td>Av. d\u2019en Mart\u00ed i Pujol, 287&nbsp;<\/td><td>18&nbsp;<\/td><\/tr><tr><td>Carrer antiga de Val\u00e8ncia \u2013 Joan Valera&nbsp;<\/td><td>Carrer de Juan Valera, 8&nbsp;<\/td><td>18&nbsp;<\/td><\/tr><tr><td>Pla\u00e7a de Trafalgar&nbsp;<\/td><td>Pl de Trafalgar 1&nbsp;<\/td><td>22&nbsp;<\/td><\/tr><tr><td>Hospital de l\u2019Esperit Sant&nbsp;<\/td><td>Av. del Cardenal Vidal i Barraquer, 512&nbsp;<\/td><td>18&nbsp;<\/td><\/tr><tr><td>Metro Sant Roc &#8211;&nbsp;<\/td><td>Pla\u00e7a Roja s\/n&nbsp;<\/td><td>16&nbsp;<\/td><\/tr><tr><td>Platja del Coco&nbsp;<\/td><td>Carrer de Cervantes s\/n,&nbsp;<\/td><td>22&nbsp;<\/td><\/tr><tr><td>Metro Badalona Pompeu Fabra&nbsp;<\/td><td>Pl. de l&#8217;Alcalde Xifr\u00e9, 28&nbsp;<\/td><td>22&nbsp;<\/td><\/tr><tr><td>Montigal\u00e0&nbsp;<\/td><td>Carrer d\u2019Anna Tugas, s\/n&nbsp;<\/td><td>24&nbsp;<\/td><\/tr><tr><td>Montigal\u00e0 \/ Estadi Municipal&nbsp;<\/td><td>Cam\u00ed de Sant Jeroni de la Murtra, 1&nbsp;<\/td><td>22&nbsp;<\/td><\/tr><tr><td>Can Cabanyes-Nova Lloreda&nbsp;<\/td><td>Av. de Salvador Espriu,&nbsp;<\/td><td>20&nbsp;<\/td><\/tr><tr><td>Can Ruti&nbsp;<\/td><td>Aparcament can Ruti (carretera de Can Ruti, 21)&nbsp;<\/td><td>18&nbsp;<\/td><\/tr><tr><td>Manres\u00e0&nbsp;<\/td><td>Carretera de Matar\u00f3, s\/n&nbsp;<\/td><td>16&nbsp;<\/td><\/tr><tr><td>Bufal\u00e0&nbsp;<\/td><td>Av. d\u2019en Mart\u00ed Pujol, 519&nbsp;<\/td><td>22&nbsp;<\/td><\/tr><tr><td>Metro La Salut&nbsp;<\/td><td>Carrer de Juan Valera, 121&nbsp;<\/td><td>22&nbsp;<\/td><\/tr><tr><td>Metro Llefi\u00e0&nbsp;<\/td><td>Av. d&#8217;Am\u00e8rica, 3&nbsp;<\/td><td>22&nbsp;<\/td><\/tr><tr><td>Pla\u00e7a de l\u2019Assemblea de Catalunya&nbsp;<\/td><td>Pla\u00e7a de L&#8217;Assemblea de Catalunya&nbsp;<\/td><td>22&nbsp;<\/td><\/tr><tr><td>Centre Esportiu Sistrells&nbsp;<\/td><td>Avinguda d&#8217;en Caritg, 59&nbsp;<\/td><td>18&nbsp;<\/td><\/tr><tr><td>Palau Municipal d\u2019Esports&nbsp;<\/td><td>Conc\u00f2rdia 51&nbsp;<\/td><td>18&nbsp;<\/td><\/tr><tr><td>Platja del Cristall&nbsp;<\/td><td>Passeig Mar\u00edtim s\/n&nbsp;<\/td><td>18&nbsp;<\/td><\/tr><\/tbody><\/table><\/figure>\n","protected":false},"excerpt":{"rendered":"<p>Al llarg d\u2019aquest mes de mar\u00e7 finalitzar\u00e0 la instal\u00b7laci\u00f3 de les 31 estacions, per a un total de 341 bicicletes, que donaran cobertura a tota la ciutat del servei de bicicleta compartida metropolit\u00e0 AMBici. Les bicicletes que es posaran en aquest servei s\u00f3n 100% el\u00e8ctriques de darrera generaci\u00f3, concretament el model e-SMARTbike 2.0 que ofereix [&hellip;]<\/p>\n","protected":false},"author":2,"featured_media":4937,"comment_status":"open","ping_status":"open","sticky":false,"template":"","format":"standard","meta":{"footnotes":""},"categories":[23],"tags":[],"class_list":{"0":"post-4935","1":"post","2":"type-post","3":"status-publish","4":"format-standard","5":"has-post-thumbnail","7":"category-actualitat"},"_links":{"self":[{"href":"https:\/\/areabadalona.com\/diario\/wp-json\/wp\/v2\/posts\/4935","targetHints":{"allow":["GET"]}}],"collection":[{"href":"https:\/\/areabadalona.com\/diario\/wp-json\/wp\/v2\/posts"}],"about":[{"href":"https:\/\/areabadalona.com\/diario\/wp-json\/wp\/v2\/types\/post"}],"author":[{"embeddable":true,"href":"https:\/\/areabadalona.com\/diario\/wp-json\/wp\/v2\/users\/2"}],"replies":[{"embeddable":true,"href":"https:\/\/areabadalona.com\/diario\/wp-json\/wp\/v2\/comments?post=4935"}],"version-history":[{"count":1,"href":"https:\/\/areabadalona.com\/diario\/wp-json\/wp\/v2\/posts\/4935\/revisions"}],"predecessor-version":[{"id":4938,"href":"https:\/\/areabadalona.com\/diario\/wp-json\/wp\/v2\/posts\/4935\/revisions\/4938"}],"wp:featuredmedia":[{"embeddable":true,"href":"https:\/\/areabadalona.com\/diario\/wp-json\/wp\/v2\/media\/4937"}],"wp:attachment":[{"href":"https:\/\/areabadalona.com\/diario\/wp-json\/wp\/v2\/media?parent=4935"}],"wp:term":[{"taxonomy":"category","embeddable":true,"href":"https:\/\/areabadalona.com\/diario\/wp-json\/wp\/v2\/categories?post=4935"},{"taxonomy":"post_tag","embeddable":true,"href":"https:\/\/areabadalona.com\/diario\/wp-json\/wp\/v2\/tags?post=4935"}],"curies":[{"name":"wp","href":"https:\/\/api.w.org\/{rel}","templated":true}]}}