{"id":4930,"date":"2023-03-10T10:36:45","date_gmt":"2023-03-10T10:36:45","guid":{"rendered":"https:\/\/areabadalona.com\/diario\/?p=4930"},"modified":"2023-03-10T10:36:45","modified_gmt":"2023-03-10T10:36:45","slug":"exit-de-participacio-de-la-xi-cursa-de-malalties-minoritaries","status":"publish","type":"post","link":"https:\/\/areabadalona.com\/diario\/2023\/03\/10\/exit-de-participacio-de-la-xi-cursa-de-malalties-minoritaries\/","title":{"rendered":"<strong>\u00c8xit de participaci\u00f3 de la XI Cursa de\u00a0Malalties\u00a0Minorit\u00e0ries<\/strong>"},"content":{"rendered":"\n<p>La XI Cursa de&nbsp;Malalties&nbsp;Minorit\u00e0ries&nbsp;celebrada el passat 26 de febrer va ser un \u00e8xit de participaci\u00f3 amb gaireb\u00e9 900 corredors inscrits en les seves diferents categories, la qual cosa va permetre a les entitats organitzadores recaptar una quantitat pr\u00f2xima als 7.000 euros, destinats a la&nbsp;Associaci\u00f3&nbsp;de&nbsp;Familiars&nbsp;i&nbsp;Amics&nbsp;de&nbsp;Nens&nbsp;Oncol\u00f2gics&nbsp;de Catalunya (Afanoc)&nbsp;i a la&nbsp;Fundaci\u00f3&nbsp;Institut&nbsp;Ci\u00e8ncies&nbsp;de la&nbsp;Salut&nbsp;IGTP&nbsp;Germans&nbsp;Trias i Pujol, laboratori de recerca en malalties minorit\u00e0ries neuromusculars i&nbsp;neuropedi\u00e1tricas.<\/p>\n\n\n\n<p>Els guanyadors en la categoria de 10 quil\u00f2metres (514 inscrits) van ser El\u00edas P\u00e9rez de la Vall, en homes; i Elisabet Mart\u00edn Almansa, en dones. En la de 5 quil\u00f2metres (170 inscrits) van resultar triomfadors&nbsp;Raoul&nbsp;Raus&nbsp;i Soledad&nbsp;Avellaneda. A m\u00e9s, 98 nens van participar en la seva secci\u00f3 infantil de 400 metres, mentre que 108 persones es van inscriure com&nbsp;caminantes.<\/p>\n\n\n\n<p>La carrera, organitzada per la&nbsp;Associaci\u00f3&nbsp;de&nbsp;Ve\u00efns&nbsp;Tur\u00f3&nbsp;Caritg&nbsp;conjuntament amb la Plataforma&nbsp;Acci\u00f3&nbsp;Badalona, la&nbsp;Associaci\u00f3&nbsp;de&nbsp;Comerciants&nbsp;Salut&nbsp;Alta Pau Piferrer i&nbsp;Transperfect&nbsp;Mountain&nbsp;Challenge, va comptar amb la col\u00b7laboraci\u00f3 de l&#8217;Ajuntament de Badalona i del Centre Comercial&nbsp;Montigal\u00e0, que va posar en marxa diverses accions amb les quals els participants es van beneficiar d&#8217;obsequis, descomptes en els seus establiments, aix\u00ed com fruita, aigua i sucs.<\/p>\n\n\n\n<p>D&#8217;aquesta manera, diversos operadors de\u00a0Montigal\u00e0\u00a0es van sumar a la col\u00b7laboraci\u00f3 amb la carrera. Aix\u00ed, Carrefour va aportar fruita i aigua per als corredors, mentre que Dental\u00a0Star\u00a0i Natural\u00a0Blend\u00a0ho van fer amb vals per a les seves botigues del centre comercial. Tamb\u00e9\u00a0Mc\u00a0Donald&#8217;s es va sumar amb men\u00fas gratis per als guanyadors.<\/p>\n\n\n\n<div><a href=\"https:\/\/areabadalona.com\/diario\/wp-content\/uploads\/2023\/03\/XI-Cursa-Malalties-Minoritaaries-1024x684.jpg\" class=\"td-modal-image\"><figure class=\"wp-block-image size-large\"><img loading=\"lazy\" decoding=\"async\" width=\"1024\" height=\"684\" src=\"https:\/\/areabadalona.com\/diario\/wp-content\/uploads\/2023\/03\/XI-Cursa-Malalties-Minoritaaries-1024x684.jpg\" alt=\"\" class=\"wp-image-4931\" srcset=\"https:\/\/areabadalona.com\/diario\/wp-content\/uploads\/2023\/03\/XI-Cursa-Malalties-Minoritaaries-1024x684.jpg 1024w, https:\/\/areabadalona.com\/diario\/wp-content\/uploads\/2023\/03\/XI-Cursa-Malalties-Minoritaaries-300x200.jpg 300w, https:\/\/areabadalona.com\/diario\/wp-content\/uploads\/2023\/03\/XI-Cursa-Malalties-Minoritaaries-768x513.jpg 768w, https:\/\/areabadalona.com\/diario\/wp-content\/uploads\/2023\/03\/XI-Cursa-Malalties-Minoritaaries-150x100.jpg 150w, https:\/\/areabadalona.com\/diario\/wp-content\/uploads\/2023\/03\/XI-Cursa-Malalties-Minoritaaries-696x465.jpg 696w, https:\/\/areabadalona.com\/diario\/wp-content\/uploads\/2023\/03\/XI-Cursa-Malalties-Minoritaaries-1068x713.jpg 1068w, https:\/\/areabadalona.com\/diario\/wp-content\/uploads\/2023\/03\/XI-Cursa-Malalties-Minoritaaries.jpg 1200w\" sizes=\"auto, (max-width: 1024px) 100vw, 1024px\" \/><\/figure><\/a><\/div>\n","protected":false},"excerpt":{"rendered":"<p>La XI Cursa de&nbsp;Malalties&nbsp;Minorit\u00e0ries&nbsp;celebrada el passat 26 de febrer va ser un \u00e8xit de participaci\u00f3 amb gaireb\u00e9 900 corredors inscrits en les seves diferents categories, la qual cosa va permetre a les entitats organitzadores recaptar una quantitat pr\u00f2xima als 7.000 euros, destinats a la&nbsp;Associaci\u00f3&nbsp;de&nbsp;Familiars&nbsp;i&nbsp;Amics&nbsp;de&nbsp;Nens&nbsp;Oncol\u00f2gics&nbsp;de Catalunya (Afanoc)&nbsp;i a la&nbsp;Fundaci\u00f3&nbsp;Institut&nbsp;Ci\u00e8ncies&nbsp;de la&nbsp;Salut&nbsp;IGTP&nbsp;Germans&nbsp;Trias i Pujol, laboratori de recerca en [&hellip;]<\/p>\n","protected":false},"author":2,"featured_media":4933,"comment_status":"open","ping_status":"open","sticky":false,"template":"","format":"standard","meta":{"footnotes":""},"categories":[23,26],"tags":[],"class_list":{"0":"post-4930","1":"post","2":"type-post","3":"status-publish","4":"format-standard","5":"has-post-thumbnail","7":"category-actualitat","8":"category-esports"},"_links":{"self":[{"href":"https:\/\/areabadalona.com\/diario\/wp-json\/wp\/v2\/posts\/4930","targetHints":{"allow":["GET"]}}],"collection":[{"href":"https:\/\/areabadalona.com\/diario\/wp-json\/wp\/v2\/posts"}],"about":[{"href":"https:\/\/areabadalona.com\/diario\/wp-json\/wp\/v2\/types\/post"}],"author":[{"embeddable":true,"href":"https:\/\/areabadalona.com\/diario\/wp-json\/wp\/v2\/users\/2"}],"replies":[{"embeddable":true,"href":"https:\/\/areabadalona.com\/diario\/wp-json\/wp\/v2\/comments?post=4930"}],"version-history":[{"count":1,"href":"https:\/\/areabadalona.com\/diario\/wp-json\/wp\/v2\/posts\/4930\/revisions"}],"predecessor-version":[{"id":4934,"href":"https:\/\/areabadalona.com\/diario\/wp-json\/wp\/v2\/posts\/4930\/revisions\/4934"}],"wp:featuredmedia":[{"embeddable":true,"href":"https:\/\/areabadalona.com\/diario\/wp-json\/wp\/v2\/media\/4933"}],"wp:attachment":[{"href":"https:\/\/areabadalona.com\/diario\/wp-json\/wp\/v2\/media?parent=4930"}],"wp:term":[{"taxonomy":"category","embeddable":true,"href":"https:\/\/areabadalona.com\/diario\/wp-json\/wp\/v2\/categories?post=4930"},{"taxonomy":"post_tag","embeddable":true,"href":"https:\/\/areabadalona.com\/diario\/wp-json\/wp\/v2\/tags?post=4930"}],"curies":[{"name":"wp","href":"https:\/\/api.w.org\/{rel}","templated":true}]}}