{"id":4876,"date":"2023-03-01T09:26:49","date_gmt":"2023-03-01T09:26:49","guid":{"rendered":"https:\/\/areabadalona.com\/diario\/?p=4876"},"modified":"2023-03-01T09:26:50","modified_gmt":"2023-03-01T09:26:50","slug":"lajuntament-de-badalona-organitza-tres-sessions-informatives-sobre-la-campanya-de-preinscripcio-escolar-que-comenca-la-setmana-vinent","status":"publish","type":"post","link":"https:\/\/areabadalona.com\/diario\/2023\/03\/01\/lajuntament-de-badalona-organitza-tres-sessions-informatives-sobre-la-campanya-de-preinscripcio-escolar-que-comenca-la-setmana-vinent\/","title":{"rendered":"L\u2019Ajuntament de Badalona organitza tres sessions informatives sobre la campanya de preinscripci\u00f3 escolar que comen\u00e7a la setmana vinent\u00a0"},"content":{"rendered":"\n<p>L\u2019Ajuntament de Badalona ha organitzat per aquesta setmana tres sessions informatives sobre la campanya de preinscripci\u00f3 escolar amb l\u2019objectiu de facilitar a les fam\u00edlies el proc\u00e9s i que tinguin tota la informaci\u00f3 a la seva disposici\u00f3. La campanya de preinscripci\u00f3 escolar comen\u00e7ar\u00e0 el pr\u00f2xim dilluns 6 de mar\u00e7 per al segon cicle d&#8217;educaci\u00f3 infantil i prim\u00e0ria i dimecres 8 de mar\u00e7 per a l\u2019alumnat d\u2019educaci\u00f3 secund\u00e0ria. El proc\u00e9s es tancar\u00e0 el dilluns 20 de mar\u00e7 en ambd\u00f3s casos. &nbsp;<\/p>\n\n\n\n<p>Dues de les sessions informatives seran presencials i l\u2019altra mitjan\u00e7ant zoom per facilitar a les fam\u00edlies la possibilitat d&#8217;assistir-hi. Les sessions programades s\u00f3n les seg\u00fcents:&nbsp;<\/p>\n\n\n\n<p>\u2022 Dimarts 28 de febrer, a les 18 hores, al Centre C\u00edvic La Salut (av. del Marqu\u00e8s de Sant Mori, 180). Transport p\u00fablic: L10N B2, B4, B5, B23 i B24.&nbsp;<\/p>\n\n\n\n<p>\u2022 Dimecres 1 de mar\u00e7, a les 18 hores, a l\u2019Institut Eugeni d\u2019Ors (av. del Maresme, 192-212). Transport p\u00fablic: L2 B3, B25, M30 i M26.&nbsp;<\/p>\n\n\n\n<p>\u2022 Dijous 2 de mar\u00e7, a les 18 hores, sessi\u00f3 informativa telem\u00e0tica. <a href=\"http:\/\/badalona.cat\/portalWeb\/getfile?dID=126464&amp;rendition=web\">Xerrada en l\u00ednia<\/a> via Zoom. &nbsp;<\/p>\n\n\n\n<p>Enguany, la preinscripci\u00f3 torna a ser telem\u00e0tica i per fer-la ser\u00e0 necessari un ordinador, tauleta o m\u00f2bil amb connexi\u00f3 a internet; una eina d&#8217;identificaci\u00f3 digital; un codi identificador del Registre d&#8217;alumnes de Catalunya i la documentaci\u00f3 digitalitzada. Trobareu tota la informaci\u00f3 en el <a>web de la campanya de preinscripci\u00f3 escolar<\/a> de la Generalitat de Catalunya.&nbsp;<\/p>\n\n\n\n<p>Per facilitar el tr\u00e0mit de preinscripci\u00f3 escolar, les fam\u00edlies que necessitin suport en el proc\u00e9s poden contactar amb l\u2019Oficina Municipal d\u2019Escolaritzaci\u00f3 (OME), un servei de l\u2019Ajuntament de Badalona que ofereix a la ciutadania un acompanyament durant l\u2019etapa d\u2019escolaritzaci\u00f3 dels seus fills i filles en els centres finan\u00e7ats amb fons p\u00fablics a Badalona. Podeu contactar amb l\u2019OME a trav\u00e9s de la b\u00fastia de correu electr\u00f2nic ome@badalona.cat o demanant cita pr\u00e8via trucant al tel\u00e8fon 93 483 29 97. &nbsp;<\/p>\n\n\n\n<p>Les fam\u00edlies tamb\u00e9 disposen de la Guia d&#8217;informaci\u00f3 educativa de Badalona per al Curs 2023-2024, una eina que edita el Servei d&#8217;Educaci\u00f3 on s&#8217;informa de tots els centres educatius de la ciutat i de l\u2019oferta formativa municipal en totes les etapes educatives. La guia ofereix un mapa clar de l&#8217;oferta educativa municipal i recull informaci\u00f3 molt \u00fatil per a les fam\u00edlies que per primera&nbsp; vegada han de triar una escola o institut, com per exemple les dades relatives als horaris, al servei d&#8217;acollida, l&#8217;equipament, l&#8217;oferta educativa o els projectes singulars, entre altres q\u00fcestions. Podeu consultar la Guia d&#8217;informaci\u00f3 educativa de Badalona a <a href=\"http:\/\/badalona.cat\/portalWeb\/badalona.portal?_nfpb=true&amp;_pageLabel=contingut_estatic&amp;dCollectionID=722#wlp_contingut_estatic\">l\u2019apartat de l\u2019Oficina Municipal d&#8217;Escolaritzaci\u00f3 de la p\u00e0gina web de l&#8217;Ajuntament<\/a>. &nbsp;<\/p>\n\n\n\n<p>A m\u00e9s, des del Servei d&#8217;Educaci\u00f3 de l\u2019Ajuntament de Badalona, conjuntament amb el Departament d&#8217;educaci\u00f3, tamb\u00e9 s\u2019ha donat suport a les <a href=\"http:\/\/badalona.cat\/portalWeb\/getfile?dID=126370&amp;rendition=web\">Jornades de portes obertes de Badalona per al curs 2023-2024<\/a>.&nbsp;<\/p>\n\n\n\n<p>La segona tinenta d\u2019alcaldia i regidora de l\u2019\u00c0mbit d\u2019Educaci\u00f3, Feminismes i LGTBIQ+, Ciutadania, Participaci\u00f3 i Agenda 2030, A\u00efda Llaurad\u00f3, ha destacat \u201cla import\u00e0ncia d&#8217;oferir informaci\u00f3 a les fam\u00edlies en el proc\u00e9s d&#8217;inscripci\u00f3, ja que \u00e9s un moment de tria molt important per a elles i tant en les sessions informatives, com en les diferents eines publicades al web municipal, les fam\u00edlies podran trobar les respostes als seus dubtes\u201d. En aquest sentit, la regidora ha explicat que \u201ca Badalona disposem d\u2019una gran xarxa d\u2019educaci\u00f3 p\u00fablica i des de l\u2019Ajuntament volem acompanyar i donar tota la informaci\u00f3 necess\u00e0ria a les fam\u00edlies perqu\u00e8 puguin fer la preinscripci\u00f3 coneixent totes les ofertes i recursos disponibles\u201d.&nbsp;<\/p>\n","protected":false},"excerpt":{"rendered":"<p>L\u2019Ajuntament de Badalona ha organitzat per aquesta setmana tres sessions informatives sobre la campanya de preinscripci\u00f3 escolar amb l\u2019objectiu de facilitar a les fam\u00edlies el proc\u00e9s i que tinguin tota la informaci\u00f3 a la seva disposici\u00f3. La campanya de preinscripci\u00f3 escolar comen\u00e7ar\u00e0 el pr\u00f2xim dilluns 6 de mar\u00e7 per al segon cicle d&#8217;educaci\u00f3 infantil i [&hellip;]<\/p>\n","protected":false},"author":1,"featured_media":4877,"comment_status":"open","ping_status":"open","sticky":false,"template":"","format":"standard","meta":{"footnotes":""},"categories":[23,24],"tags":[],"class_list":{"0":"post-4876","1":"post","2":"type-post","3":"status-publish","4":"format-standard","5":"has-post-thumbnail","7":"category-actualitat","8":"category-societat"},"_links":{"self":[{"href":"https:\/\/areabadalona.com\/diario\/wp-json\/wp\/v2\/posts\/4876","targetHints":{"allow":["GET"]}}],"collection":[{"href":"https:\/\/areabadalona.com\/diario\/wp-json\/wp\/v2\/posts"}],"about":[{"href":"https:\/\/areabadalona.com\/diario\/wp-json\/wp\/v2\/types\/post"}],"author":[{"embeddable":true,"href":"https:\/\/areabadalona.com\/diario\/wp-json\/wp\/v2\/users\/1"}],"replies":[{"embeddable":true,"href":"https:\/\/areabadalona.com\/diario\/wp-json\/wp\/v2\/comments?post=4876"}],"version-history":[{"count":1,"href":"https:\/\/areabadalona.com\/diario\/wp-json\/wp\/v2\/posts\/4876\/revisions"}],"predecessor-version":[{"id":4878,"href":"https:\/\/areabadalona.com\/diario\/wp-json\/wp\/v2\/posts\/4876\/revisions\/4878"}],"wp:featuredmedia":[{"embeddable":true,"href":"https:\/\/areabadalona.com\/diario\/wp-json\/wp\/v2\/media\/4877"}],"wp:attachment":[{"href":"https:\/\/areabadalona.com\/diario\/wp-json\/wp\/v2\/media?parent=4876"}],"wp:term":[{"taxonomy":"category","embeddable":true,"href":"https:\/\/areabadalona.com\/diario\/wp-json\/wp\/v2\/categories?post=4876"},{"taxonomy":"post_tag","embeddable":true,"href":"https:\/\/areabadalona.com\/diario\/wp-json\/wp\/v2\/tags?post=4876"}],"curies":[{"name":"wp","href":"https:\/\/api.w.org\/{rel}","templated":true}]}}