{"id":4872,"date":"2023-02-28T09:49:50","date_gmt":"2023-02-28T09:49:50","guid":{"rendered":"https:\/\/areabadalona.com\/diario\/?p=4872"},"modified":"2023-02-28T09:50:03","modified_gmt":"2023-02-28T09:50:03","slug":"segona-sessio-del-cicle-de-debats-organitzat-per-tusgsal-direxis-i-la-fundacio-per-a-la-seguretat-publicasegona-sessio-del","status":"publish","type":"post","link":"https:\/\/areabadalona.com\/diario\/2023\/02\/28\/segona-sessio-del-cicle-de-debats-organitzat-per-tusgsal-direxis-i-la-fundacio-per-a-la-seguretat-publicasegona-sessio-del\/","title":{"rendered":"Segona sessi\u00f3 del cicle de debats organitzat per Tusgsal Direxis i la Fundaci\u00f3 per a la Seguretat P\u00fablica"},"content":{"rendered":"\n<p>Aquest proper dijous, 2 de mar\u00e7, es dur\u00e0 a terme a Badalona la segona sessi\u00f3 del cicle de debats sobre \u00abSeguretat i transport p\u00fablic. Qualitat, seguretat i conviv\u00e8ncia\u00bb organitzat per Tusgsal Direxis i la Fundaci\u00f3 per a la Seguretat P\u00fablica. L\u2019acte tindr\u00e0 lloc a l\u2019Hotel Marina Badalona (Av. Eduard Maristany, 227) a partir de les 9.30 hores i tindr\u00e0 com a tema principal el transport p\u00fablic, seguretat i g\u00e8nere. El cicle continuar\u00e0 el mes de mar\u00e7 amb una sessi\u00f3 m\u00e9s dedicada al transport p\u00fablic com a espai de conviv\u00e8ncia.<\/p>\n","protected":false},"excerpt":{"rendered":"<p>Aquest proper dijous, 2 de mar\u00e7, es dur\u00e0 a terme a Badalona la segona sessi\u00f3 del cicle de debats sobre \u00abSeguretat i transport p\u00fablic. Qualitat, seguretat i conviv\u00e8ncia\u00bb organitzat per Tusgsal Direxis i la Fundaci\u00f3 per a la Seguretat P\u00fablica. L\u2019acte tindr\u00e0 lloc a l\u2019Hotel Marina Badalona (Av. Eduard Maristany, 227) a partir de les [&hellip;]<\/p>\n","protected":false},"author":1,"featured_media":4873,"comment_status":"open","ping_status":"open","sticky":false,"template":"","format":"standard","meta":{"footnotes":""},"categories":[23],"tags":[],"class_list":{"0":"post-4872","1":"post","2":"type-post","3":"status-publish","4":"format-standard","5":"has-post-thumbnail","7":"category-actualitat"},"_links":{"self":[{"href":"https:\/\/areabadalona.com\/diario\/wp-json\/wp\/v2\/posts\/4872","targetHints":{"allow":["GET"]}}],"collection":[{"href":"https:\/\/areabadalona.com\/diario\/wp-json\/wp\/v2\/posts"}],"about":[{"href":"https:\/\/areabadalona.com\/diario\/wp-json\/wp\/v2\/types\/post"}],"author":[{"embeddable":true,"href":"https:\/\/areabadalona.com\/diario\/wp-json\/wp\/v2\/users\/1"}],"replies":[{"embeddable":true,"href":"https:\/\/areabadalona.com\/diario\/wp-json\/wp\/v2\/comments?post=4872"}],"version-history":[{"count":2,"href":"https:\/\/areabadalona.com\/diario\/wp-json\/wp\/v2\/posts\/4872\/revisions"}],"predecessor-version":[{"id":4875,"href":"https:\/\/areabadalona.com\/diario\/wp-json\/wp\/v2\/posts\/4872\/revisions\/4875"}],"wp:featuredmedia":[{"embeddable":true,"href":"https:\/\/areabadalona.com\/diario\/wp-json\/wp\/v2\/media\/4873"}],"wp:attachment":[{"href":"https:\/\/areabadalona.com\/diario\/wp-json\/wp\/v2\/media?parent=4872"}],"wp:term":[{"taxonomy":"category","embeddable":true,"href":"https:\/\/areabadalona.com\/diario\/wp-json\/wp\/v2\/categories?post=4872"},{"taxonomy":"post_tag","embeddable":true,"href":"https:\/\/areabadalona.com\/diario\/wp-json\/wp\/v2\/tags?post=4872"}],"curies":[{"name":"wp","href":"https:\/\/api.w.org\/{rel}","templated":true}]}}